{"id":4657,"date":"2023-04-11T10:36:35","date_gmt":"2023-04-11T13:36:35","guid":{"rendered":"http:\/\/zoomproducciones.com.ar\/zoomp\/?p=4657"},"modified":"2023-04-11T10:36:35","modified_gmt":"2023-04-11T13:36:35","slug":"larreta-defendio-su-decision-yo-cumplo-la-ley","status":"publish","type":"post","link":"https:\/\/zoomproducciones.com.ar\/zoomp\/larreta-defendio-su-decision-yo-cumplo-la-ley\/","title":{"rendered":"Larreta defendi\u00f3 su decisi\u00f3n: \u00bbYo cumplo la ley\u00bb"},"content":{"rendered":"\n<p>Ante las fuertes cr\u00edticas de sus compa\u00f1eros de partido, Horacio Rodr\u00edguez Larreta, en acto en Parque Patricios en este martes 11\/04, expres\u00f3: \u00abEn Ciudad de Buenos Aires<strong>\u00a0cumplimos la ley<\/strong>\u00ab.<\/p>\n\n\n\n<p>\u201cNo participo de discusiones internas,\u00a0<strong>puede haber diferencias<\/strong>, pero<strong>\u00a0la unidad del PRO y de Juntos por el Cambio est\u00e1 m\u00e1s garantizada que nunca<\/strong>\u201d coment\u00f3.<\/p>\n\n\n\n<figure class=\"wp-block-embed is-type-video is-provider-youtube wp-block-embed-youtube wp-embed-aspect-16-9 wp-has-aspect-ratio\"><div class=\"wp-block-embed__wrapper\">\n<iframe loading=\"lazy\"  id=\"_ytid_87149\"  width=\"1000\" height=\"562\"  data-origwidth=\"1000\" data-origheight=\"562\" src=\"https:\/\/www.youtube.com\/embed\/4tr3gl07UjE?enablejsapi=1&#038;autoplay=0&#038;cc_load_policy=0&#038;cc_lang_pref=&#038;iv_load_policy=1&#038;loop=0&#038;rel=1&#038;fs=1&#038;playsinline=0&#038;autohide=2&#038;theme=dark&#038;color=red&#038;controls=1&#038;disablekb=0&#038;\" class=\"__youtube_prefs__  epyt-is-override  no-lazyload\" title=\"YouTube player\"  allow=\"fullscreen; accelerometer; autoplay; clipboard-write; encrypted-media; gyroscope; picture-in-picture; web-share\" referrerpolicy=\"strict-origin-when-cross-origin\" allowfullscreen data-no-lazy=\"1\" data-skipgform_ajax_framebjll=\"\"><\/iframe>\n<\/div><\/figure>\n\n\n\n<p>\u00a0\u201cJam\u00e1s me han escuchado, ni me van a escuchar,\u00a0<strong>criticando o cuestionando a a otro miembro de Junto por el Cambio<\/strong>. Si hay una diferencia, la\u00a0<strong>discutimos<\/strong>\u201d coment\u00f3.<\/p>\n\n\n\n<p>Fue claro en anunciar: <strong>\u201cYo cumplo con la ley, el c\u00f3digo es claro\u201d<\/strong>.<\/p>\n","protected":false},"excerpt":{"rendered":"<p>Ante las fuertes cr\u00edticas de sus compa\u00f1eros de partido, Horacio Rodr\u00edguez Larreta, en acto en Parque Patricios en este martes 11\/04, expres\u00f3: \u00abEn Ciudad de Buenos Aires\u00a0cumplimos la ley\u00ab. \u201cNo participo de discusiones internas,\u00a0puede haber diferencias, pero\u00a0la unidad del PRO y de Juntos por el Cambio est\u00e1 m\u00e1s garantizada que nunca\u201d coment\u00f3. \u00a0\u201cJam\u00e1s me han [&hellip;]<\/p>\n","protected":false},"author":2,"featured_media":0,"comment_status":"closed","ping_status":"open","sticky":false,"template":"","format":"standard","meta":{"footnotes":""},"categories":[8],"tags":[118,175,42],"class_list":{"0":"post-4657","1":"post","2":"type-post","3":"status-publish","4":"format-standard","6":"category-nacionales","7":"tag-argentina","8":"tag-elecciones-2023","9":"tag-featured"},"_links":{"self":[{"href":"https:\/\/zoomproducciones.com.ar\/zoomp\/wp-json\/wp\/v2\/posts\/4657","targetHints":{"allow":["GET"]}}],"collection":[{"href":"https:\/\/zoomproducciones.com.ar\/zoomp\/wp-json\/wp\/v2\/posts"}],"about":[{"href":"https:\/\/zoomproducciones.com.ar\/zoomp\/wp-json\/wp\/v2\/types\/post"}],"author":[{"embeddable":true,"href":"https:\/\/zoomproducciones.com.ar\/zoomp\/wp-json\/wp\/v2\/users\/2"}],"replies":[{"embeddable":true,"href":"https:\/\/zoomproducciones.com.ar\/zoomp\/wp-json\/wp\/v2\/comments?post=4657"}],"version-history":[{"count":1,"href":"https:\/\/zoomproducciones.com.ar\/zoomp\/wp-json\/wp\/v2\/posts\/4657\/revisions"}],"predecessor-version":[{"id":4659,"href":"https:\/\/zoomproducciones.com.ar\/zoomp\/wp-json\/wp\/v2\/posts\/4657\/revisions\/4659"}],"wp:attachment":[{"href":"https:\/\/zoomproducciones.com.ar\/zoomp\/wp-json\/wp\/v2\/media?parent=4657"}],"wp:term":[{"taxonomy":"category","embeddable":true,"href":"https:\/\/zoomproducciones.com.ar\/zoomp\/wp-json\/wp\/v2\/categories?post=4657"},{"taxonomy":"post_tag","embeddable":true,"href":"https:\/\/zoomproducciones.com.ar\/zoomp\/wp-json\/wp\/v2\/tags?post=4657"}],"curies":[{"name":"wp","href":"https:\/\/api.w.org\/{rel}","templated":true}]}}