{"id":4654,"date":"2023-04-11T10:13:35","date_gmt":"2023-04-11T13:13:35","guid":{"rendered":"http:\/\/zoomproducciones.com.ar\/zoomp\/?p=4654"},"modified":"2023-04-11T10:13:35","modified_gmt":"2023-04-11T13:13:35","slug":"internas-en-jxc-las-criticas-de-bullrich-vidal-y-macri-a-larreta","status":"publish","type":"post","link":"https:\/\/zoomproducciones.com.ar\/zoomp\/internas-en-jxc-las-criticas-de-bullrich-vidal-y-macri-a-larreta\/","title":{"rendered":"Internas en JxC: las cr\u00edticas de Bullrich, Vidal y Macri a Larreta"},"content":{"rendered":"\n<p>Tras la decisi\u00f3n del mandatario porte\u00f1o de unificar las elecciones en CABA con las PASO, los representantes m\u00e1s fuertes del PRO expresaron su disgusto. <\/p>\n\n\n\n<h2 class=\"wp-block-heading\">Mar\u00eda Eugenia Vidal<\/h2>\n\n\n\n<p><strong>\u00abNo es bueno el cambio de sistema electoral, que implica m\u00e1s gasto y m\u00e1s tiempo para la gente. No es algo prioritario para los argentinos\u00bb<\/strong>, manifest\u00f3 Vidal en declaraciones formuladas a\u00a0<em>Radio Mitre<\/em>.<\/p>\n\n\n\n<p>V\u00eda Twitter la ex gobernadora bonaerense expres\u00f3: \u00bbel PRO y el JXC que le prometimos a la gente no es este\u00bb.<\/p>\n\n\n\n<figure class=\"wp-block-embed is-type-rich is-provider-twitter wp-block-embed-twitter\"><div class=\"wp-block-embed__wrapper\">\n<blockquote class=\"twitter-tweet\" data-width=\"550\" data-dnt=\"true\"><p lang=\"es\" dir=\"ltr\">El PRO y el JxC que le prometimos a los argentinos no es este.<br><br>No hay ambici\u00f3n personal que pueda estar por encima de nuestros valores y del equipo. Somos el cambio o no somos nada.<\/p>&mdash; Mar\u00eda Eugenia Vidal (@mariuvidal) <a href=\"https:\/\/twitter.com\/mariuvidal\/status\/1645434968024182785?ref_src=twsrc%5Etfw\">April 10, 2023<\/a><\/blockquote><script async src=\"https:\/\/platform.twitter.com\/widgets.js\" charset=\"utf-8\"><\/script>\n<\/div><\/figure>\n\n\n\n<p>Tambi\u00e9n Vidal sostuvo que la discusi\u00f3n sobre las reglas electorales en la CABA deber\u00edan haberse realizado\u00a0<strong>\u00abel a\u00f1o pasado\u00bb<\/strong>\u00a0y no durante un a\u00f1o electoral.<\/p>\n\n\n\n<h2 class=\"wp-block-heading\">Patricia Bullrich: \u00bbconmigo estas cosas no van a pasar\u00bb<\/h2>\n\n\n\n<p>\u00bb\u00c9l manipul\u00f3 las reglas electorales en la ciudad de Buenos Aires a cuatro meses de las elecciones\u00bb expres\u00f3 la precandidata del PRO en Twitter.<\/p>\n\n\n\n<p>\u00bbCuidemos el dinero de la gente. Esta decisi\u00f3n es un despilfarro. Nosotros seguimos por el camino de los valores. <strong>Conmigo, estas cosas no van a pasa<\/strong>r\u00bb. <\/p>\n\n\n\n<figure class=\"wp-block-embed is-type-rich is-provider-twitter wp-block-embed-twitter\"><div class=\"wp-block-embed__wrapper\">\n<blockquote class=\"twitter-tweet\" data-width=\"550\" data-dnt=\"true\"><p lang=\"es\" dir=\"ltr\">ES MUY SIMPLE: la coherencia y la convicci\u00f3n son los valores que defendemos.<br><br>Por eso: \u201cEst\u00e1 mal cambiar las reglas. Es hacer trampa\u201d, como dijo Horacio Rodr\u00edguez Larreta. <br><br>Hoy, \u00e9l manipul\u00f3 las reglas electorales en la ciudad de Buenos Aires a cuatro meses de las elecciones.\u2026 <a href=\"https:\/\/t.co\/1S5N0pLGgu\">pic.twitter.com\/1S5N0pLGgu<\/a><\/p>&mdash; Patricia Bullrich (@PatoBullrich) <a href=\"https:\/\/twitter.com\/PatoBullrich\/status\/1645448978312380417?ref_src=twsrc%5Etfw\">April 10, 2023<\/a><\/blockquote><script async src=\"https:\/\/platform.twitter.com\/widgets.js\" charset=\"utf-8\"><\/script>\n<\/div><\/figure>\n\n\n\n<h2 class=\"wp-block-heading\">Mauricio Macri decepcionado con Larreta<\/h2>\n\n\n\n<p>Ante las declaraciones de Vidal, el ex presidente expres\u00f3 su opini\u00f3n por la decisi\u00f3n de Horacio R. Larreta.<\/p>\n\n\n\n<figure class=\"wp-block-embed is-type-rich is-provider-twitter wp-block-embed-twitter\"><div class=\"wp-block-embed__wrapper\">\n<blockquote class=\"twitter-tweet\" data-width=\"550\" data-dnt=\"true\"><p lang=\"es\" dir=\"ltr\">Coincido con Mar\u00eda Eugenia. Qu\u00e9 profunda desilusi\u00f3n. <a href=\"https:\/\/t.co\/qC1PhbXK8o\">https:\/\/t.co\/qC1PhbXK8o<\/a><\/p>&mdash; Mauricio Macri (@mauriciomacri) <a href=\"https:\/\/twitter.com\/mauriciomacri\/status\/1645443879636746241?ref_src=twsrc%5Etfw\">April 10, 2023<\/a><\/blockquote><script async src=\"https:\/\/platform.twitter.com\/widgets.js\" charset=\"utf-8\"><\/script>\n<\/div><\/figure>\n\n\n\n<p>Anteriormente, Macri coment\u00f3 acerca de la posibilidad de desdoblar las PASO y las elecciones en CABA y dijo: \u00bbClaramente representa m\u00e1s gasto del Estado, m\u00e1s filas, m\u00e1s tiempo, dos urnas y boletas y hasta <strong>podr\u00eda darse la ins\u00f3lita situaci\u00f3n de personas que tengan que votar en aulas y escuelas distintas<\/strong>\u00bb.<\/p>\n\n\n\n<p>\u00bbQue la pol\u00edtica piense que por cambiar las reglas electorales en un a\u00f1o electoral los porte\u00f1os van a elegir en un sentido determinado, es no conocerlos\u00bb.<\/p>\n\n\n\n<p><\/p>\n","protected":false},"excerpt":{"rendered":"<p>Tras la decisi\u00f3n del mandatario porte\u00f1o de unificar las elecciones en CABA con las PASO, los representantes m\u00e1s fuertes del PRO expresaron su disgusto. Mar\u00eda Eugenia Vidal \u00abNo es bueno el cambio de sistema electoral, que implica m\u00e1s gasto y m\u00e1s tiempo para la gente. No es algo prioritario para los argentinos\u00bb, manifest\u00f3 Vidal en [&hellip;]<\/p>\n","protected":false},"author":2,"featured_media":0,"comment_status":"closed","ping_status":"open","sticky":false,"template":"","format":"standard","meta":{"footnotes":""},"categories":[5,8],"tags":[118,175,42],"class_list":{"0":"post-4654","1":"post","2":"type-post","3":"status-publish","4":"format-standard","6":"category-locales","7":"category-nacionales","8":"tag-argentina","9":"tag-elecciones-2023","10":"tag-featured"},"_links":{"self":[{"href":"https:\/\/zoomproducciones.com.ar\/zoomp\/wp-json\/wp\/v2\/posts\/4654","targetHints":{"allow":["GET"]}}],"collection":[{"href":"https:\/\/zoomproducciones.com.ar\/zoomp\/wp-json\/wp\/v2\/posts"}],"about":[{"href":"https:\/\/zoomproducciones.com.ar\/zoomp\/wp-json\/wp\/v2\/types\/post"}],"author":[{"embeddable":true,"href":"https:\/\/zoomproducciones.com.ar\/zoomp\/wp-json\/wp\/v2\/users\/2"}],"replies":[{"embeddable":true,"href":"https:\/\/zoomproducciones.com.ar\/zoomp\/wp-json\/wp\/v2\/comments?post=4654"}],"version-history":[{"count":1,"href":"https:\/\/zoomproducciones.com.ar\/zoomp\/wp-json\/wp\/v2\/posts\/4654\/revisions"}],"predecessor-version":[{"id":4656,"href":"https:\/\/zoomproducciones.com.ar\/zoomp\/wp-json\/wp\/v2\/posts\/4654\/revisions\/4656"}],"wp:attachment":[{"href":"https:\/\/zoomproducciones.com.ar\/zoomp\/wp-json\/wp\/v2\/media?parent=4654"}],"wp:term":[{"taxonomy":"category","embeddable":true,"href":"https:\/\/zoomproducciones.com.ar\/zoomp\/wp-json\/wp\/v2\/categories?post=4654"},{"taxonomy":"post_tag","embeddable":true,"href":"https:\/\/zoomproducciones.com.ar\/zoomp\/wp-json\/wp\/v2\/tags?post=4654"}],"curies":[{"name":"wp","href":"https:\/\/api.w.org\/{rel}","templated":true}]}}