{"id":4651,"date":"2023-04-11T09:54:03","date_gmt":"2023-04-11T12:54:03","guid":{"rendered":"http:\/\/zoomproducciones.com.ar\/zoomp\/?p=4651"},"modified":"2023-04-11T09:54:04","modified_gmt":"2023-04-11T12:54:04","slug":"larreta-vs-macri-se-votara-a-nivel-nacional-y-en-caba-el-mismo-dia","status":"publish","type":"post","link":"https:\/\/zoomproducciones.com.ar\/zoomp\/larreta-vs-macri-se-votara-a-nivel-nacional-y-en-caba-el-mismo-dia\/","title":{"rendered":"Larreta vs Macri: se votar\u00e1 a nivel nacional y en CABA el mismo d\u00eda"},"content":{"rendered":"\n<p>Horacio Rodr\u00edguez Larreta oficializ\u00f3 su decisi\u00f3n de plegar las elecciones porte\u00f1as a las PASO nacionales. El jefe de Gobierno porte\u00f1o sorprendi\u00f3 con su decisi\u00f3n y demostr\u00f3 su separaci\u00f3n de pensamiento de ex presidente Mauricio Macri. Tras la decisi\u00f3n, la interna de Juntos por el Cambio aument\u00f3.<\/p>\n\n\n\n<p>\u00abTom\u00e9 la decisi\u00f3n de q<strong>ue los porte\u00f1os votemos el mismo d\u00eda que se vota en las elecciones nacionales.<\/strong>&nbsp;Esto evita que los porte\u00f1os tengamos que ir a votar hasta seis veces en el a\u00f1o.&nbsp;<strong>Nos ahorra mucho tiempo<\/strong>&nbsp;y nos evita gastos innecesarios. Y lo vamos a hacer con boleta \u00fanica electr\u00f3nica\u00bb, expres\u00f3 en su mensaje.<\/p>\n\n\n\n<p>El mandatario de la Ciudad, formaliz\u00f3&nbsp;su idea de&nbsp;<strong>votar el mismo d\u00eda, y con Boleta Electr\u00f3nica, para la elecci\u00f3n nacional y en CABA.&nbsp;<\/strong><\/p>\n\n\n\n<p>\u00abJuntos&nbsp;<strong>logramos transformaciones que parec\u00edan imposibles<\/strong>. Ahora llega el momento de volver a elegir sobre&nbsp;<strong>el futuro de la Ciudad<\/strong>\u00ab, dijo en un mensaje grabado en&nbsp;<strong>redes sociales<\/strong>.<\/p>\n\n\n\n<p>El proceso de elecci\u00f3n incluir\u00e1\u00a0<strong>una urna para los candidatos de la Ciudad de Buenos Aires<\/strong>\u00a0y\u00a0<strong>otra<\/strong>\u00a0para los\u00a0<strong>candidatos a nivel nacional.<\/strong><\/p>\n\n\n\n<p>La ley establece la\u00a0<strong>Boleta\u00a0\u00danica<\/strong>, formato\u00a0<strong>papel o electr\u00f3nica<\/strong> como opciones, un proyecto defendido por <strong>Juntos por el Cambio<\/strong>\u00a0desde el inicio de su gobierno en el\u00a0<strong>2015<\/strong>. Durante la gesti\u00f3n de\u00a0Macri,\u00a0<strong>la ley fue discutida y votada en el Congreso<\/strong>, en el marco de sesiones extraordinarias, pero la oposici\u00f3n la trab\u00f3 y no sali\u00f3.<\/p>\n\n\n\n<p>El sistema de voto se utiliza actualmente en provincias como&nbsp;<strong>C\u00f3rdoba, Santa Fe, Salta,&nbsp;Mendoza&nbsp;y Capital Federal<\/strong>, y en una elecci\u00f3n ejecutiva de&nbsp;CABA&nbsp;en 2015, que termin\u00f3 en&nbsp;balotaje&nbsp;entre&nbsp;<strong>Rodr\u00edguez&nbsp;Larreta&nbsp;<\/strong>y el senador&nbsp;<strong>Mart\u00edn&nbsp;Lousteau<\/strong>. En tanto, en 2019 se decidi\u00f3 unificar con la nacional por el contexto de ese momento.<\/p>\n","protected":false},"excerpt":{"rendered":"<p>Horacio Rodr\u00edguez Larreta oficializ\u00f3 su decisi\u00f3n de plegar las elecciones porte\u00f1as a las PASO nacionales. El jefe de Gobierno porte\u00f1o sorprendi\u00f3 con su decisi\u00f3n y demostr\u00f3 su separaci\u00f3n de pensamiento de ex presidente Mauricio Macri. Tras la decisi\u00f3n, la interna de Juntos por el Cambio aument\u00f3. \u00abTom\u00e9 la decisi\u00f3n de que los porte\u00f1os votemos el [&hellip;]<\/p>\n","protected":false},"author":2,"featured_media":0,"comment_status":"closed","ping_status":"open","sticky":false,"template":"","format":"standard","meta":{"footnotes":""},"categories":[8],"tags":[118,175,42],"class_list":{"0":"post-4651","1":"post","2":"type-post","3":"status-publish","4":"format-standard","6":"category-nacionales","7":"tag-argentina","8":"tag-elecciones-2023","9":"tag-featured"},"_links":{"self":[{"href":"https:\/\/zoomproducciones.com.ar\/zoomp\/wp-json\/wp\/v2\/posts\/4651","targetHints":{"allow":["GET"]}}],"collection":[{"href":"https:\/\/zoomproducciones.com.ar\/zoomp\/wp-json\/wp\/v2\/posts"}],"about":[{"href":"https:\/\/zoomproducciones.com.ar\/zoomp\/wp-json\/wp\/v2\/types\/post"}],"author":[{"embeddable":true,"href":"https:\/\/zoomproducciones.com.ar\/zoomp\/wp-json\/wp\/v2\/users\/2"}],"replies":[{"embeddable":true,"href":"https:\/\/zoomproducciones.com.ar\/zoomp\/wp-json\/wp\/v2\/comments?post=4651"}],"version-history":[{"count":1,"href":"https:\/\/zoomproducciones.com.ar\/zoomp\/wp-json\/wp\/v2\/posts\/4651\/revisions"}],"predecessor-version":[{"id":4653,"href":"https:\/\/zoomproducciones.com.ar\/zoomp\/wp-json\/wp\/v2\/posts\/4651\/revisions\/4653"}],"wp:attachment":[{"href":"https:\/\/zoomproducciones.com.ar\/zoomp\/wp-json\/wp\/v2\/media?parent=4651"}],"wp:term":[{"taxonomy":"category","embeddable":true,"href":"https:\/\/zoomproducciones.com.ar\/zoomp\/wp-json\/wp\/v2\/categories?post=4651"},{"taxonomy":"post_tag","embeddable":true,"href":"https:\/\/zoomproducciones.com.ar\/zoomp\/wp-json\/wp\/v2\/tags?post=4651"}],"curies":[{"name":"wp","href":"https:\/\/api.w.org\/{rel}","templated":true}]}}