{"id":4645,"date":"2023-04-10T11:42:27","date_gmt":"2023-04-10T14:42:27","guid":{"rendered":"http:\/\/zoomproducciones.com.ar\/zoomp\/?p=4645"},"modified":"2023-04-10T12:03:07","modified_gmt":"2023-04-10T15:03:07","slug":"figueredo-jefe-de-anses-los-tramites-se-pueden-y-se-van-a-realizar-en-libres","status":"publish","type":"post","link":"https:\/\/zoomproducciones.com.ar\/zoomp\/figueredo-jefe-de-anses-los-tramites-se-pueden-y-se-van-a-realizar-en-libres\/","title":{"rendered":"Figueredo, jefe de ANSES: \u00bbLos tramites se pueden y se van a realizar en Libres\u00bb"},"content":{"rendered":"\n<figure class=\"wp-block-embed is-type-video is-provider-youtube wp-block-embed-youtube wp-embed-aspect-16-9 wp-has-aspect-ratio\"><div class=\"wp-block-embed__wrapper\">\n<iframe loading=\"lazy\"  id=\"_ytid_59634\"  width=\"1000\" height=\"562\"  data-origwidth=\"1000\" data-origheight=\"562\" src=\"https:\/\/www.youtube.com\/embed\/ViVzaPF6Ckg?enablejsapi=1&#038;autoplay=0&#038;cc_load_policy=0&#038;cc_lang_pref=&#038;iv_load_policy=1&#038;loop=0&#038;rel=1&#038;fs=1&#038;playsinline=0&#038;autohide=2&#038;theme=dark&#038;color=red&#038;controls=1&#038;disablekb=0&#038;\" class=\"__youtube_prefs__  epyt-is-override  no-lazyload\" title=\"YouTube player\"  allow=\"fullscreen; accelerometer; autoplay; clipboard-write; encrypted-media; gyroscope; picture-in-picture; web-share\" referrerpolicy=\"strict-origin-when-cross-origin\" allowfullscreen data-no-lazy=\"1\" data-skipgform_ajax_framebjll=\"\"><\/iframe>\n<\/div><\/figure>\n\n\n\n<p><strong>\u00bbAsum\u00ed hoy mi funci\u00f3n en ANSES<\/strong>, estoy contento con esta nueva responsabilidad\u00bb coment\u00f3 Diego Figueredo en Tire y Afloje. El escribano fue designado nuevo Jefe de la Delegaci\u00f3n de la Administraci\u00f3n Nacional de la Seguridad Social (ANSES) en Paso de los Libres.&nbsp;<\/p>\n\n\n\n<p>Ante la pregunta de si se esperaba esta propuesta, Figueredo respondi\u00f3: <strong>\u00bbCuando uno est\u00e1 en pol\u00edtica siempre tiene que estar dispuesto para la gente\u00bb<\/strong>. &#8216;<strong>&#8216;Fue un pedido exclusivamente de Naci\u00f3n y del senador Jos\u00e9 Ruiz (Pitin) Arag\u00f3n para que tome cargo de la oficina\u00bb. <\/strong><\/p>\n\n\n\n<p>El escribano coment\u00f3 en qu\u00e9 condiciones recibi\u00f3 el cargo en ANSES. &#8216;<strong>&#8216;Hay muchas cuestiones a corregir pero por suerte tengo un grupo humano muy bueno\u00bb <\/strong>y agreg\u00f3: \u00bbAgradezco el recibimiento de los chicos\u00bb. <\/p>\n\n\n\n<p>\u00bbHoy empezamos a corregir un mont\u00f3n de cosas y empezar\u00e9 a capacitarme m\u00e1s\u00bb.<\/p>\n\n\n\n<p>\u00bbMa\u00f1ana voy a estar en la ciudad de Curuz\u00fa capacitandome\u00bb explic\u00f3. <strong>\u00bbEstudi\u00e9 toda la semana santa el material de estudio que ten\u00eda\u00bb<\/strong>. \u00bbVerdaderamente estoy muy contento por el acompa\u00f1amiento que tuve\u00bb<\/p>\n\n\n\n<h2 class=\"wp-block-heading has-text-align-center\">\u00bbLos tramites se pueden y se van a realizar en Libres\u00bb<\/h2>\n\n\n\n<p>\u00bbNecesito que Libres sepa que no tiene que ir a Monte Caseros, que no tiene que ir a Curuz\u00fa, <strong>que los tramites se pueden y se van a realizar en Libres\u00bb<\/strong> adelant\u00f3.<\/p>\n\n\n\n<p>\u00bbAhora no hay que ir a ning\u00fan lugar. <strong>Todos los tr\u00e1mites se van a hacer en Paso de los Libres&#8217;<\/strong>&#8216;.<\/p>\n\n\n\n<p>Figueredo adelant\u00f3 adem\u00e1s que ya se adelantaron los <strong>trabajos mutos entre Anses y Migraci\u00f3n. \u00bbLo vimos completamente necesario\u00bb.<\/strong><\/p>\n\n\n\n<h2 class=\"wp-block-heading\">\u00bfEl PJ afianza la relaci\u00f3n con la Campora?<\/h2>\n\n\n\n<p>\u00bbNosotros tenemos un proyecto pol\u00edtico, lo venimos hablando hace mucho\u00bb expres\u00f3 Figueredo. \u00bbSomos varios dirigentes que venimos charlando y organizando porque <strong>tenemos una mirada diferente de muchas cosas<\/strong>\u00bb.<\/p>\n\n\n\n<p>\u00bbAgradezco el apoyo del senador Arag\u00f3n como el apoyo de otros dirigentes a nivel provincial\u00bb. \u00bbSiempre estamos con la idea de sumar y hacer m\u00e1s grande el peronismo\u00bb. <\/p>\n\n\n\n<p>\u00bbEl dirigente necesita ser escuchado, valorado y necesita participaci\u00f3n y <strong>hoy dentro del Gobierno Municipal no tenemos eso\u00bb.<\/strong><\/p>\n\n\n\n<p>\u00bbNosotros queremos manifestar un lugar diferente para hacer las cosas pero siempre dentro del peronismo\u00bb. <\/p>\n","protected":false},"excerpt":{"rendered":"<p>\u00bbAsum\u00ed hoy mi funci\u00f3n en ANSES, estoy contento con esta nueva responsabilidad\u00bb coment\u00f3 Diego Figueredo en Tire y Afloje. El escribano fue designado nuevo Jefe de la Delegaci\u00f3n de la Administraci\u00f3n Nacional de la Seguridad Social (ANSES) en Paso de los Libres.&nbsp; Ante la pregunta de si se esperaba esta propuesta, Figueredo respondi\u00f3: \u00bbCuando uno [&hellip;]<\/p>\n","protected":false},"author":2,"featured_media":0,"comment_status":"closed","ping_status":"open","sticky":false,"template":"","format":"video","meta":{"footnotes":""},"categories":[5],"tags":[42,116],"class_list":{"0":"post-4645","1":"post","2":"type-post","3":"status-publish","4":"format-video","6":"category-locales","7":"tag-featured","8":"tag-paso-de-los-libres","9":"post_format-post-format-video"},"_links":{"self":[{"href":"https:\/\/zoomproducciones.com.ar\/zoomp\/wp-json\/wp\/v2\/posts\/4645","targetHints":{"allow":["GET"]}}],"collection":[{"href":"https:\/\/zoomproducciones.com.ar\/zoomp\/wp-json\/wp\/v2\/posts"}],"about":[{"href":"https:\/\/zoomproducciones.com.ar\/zoomp\/wp-json\/wp\/v2\/types\/post"}],"author":[{"embeddable":true,"href":"https:\/\/zoomproducciones.com.ar\/zoomp\/wp-json\/wp\/v2\/users\/2"}],"replies":[{"embeddable":true,"href":"https:\/\/zoomproducciones.com.ar\/zoomp\/wp-json\/wp\/v2\/comments?post=4645"}],"version-history":[{"count":4,"href":"https:\/\/zoomproducciones.com.ar\/zoomp\/wp-json\/wp\/v2\/posts\/4645\/revisions"}],"predecessor-version":[{"id":4650,"href":"https:\/\/zoomproducciones.com.ar\/zoomp\/wp-json\/wp\/v2\/posts\/4645\/revisions\/4650"}],"wp:attachment":[{"href":"https:\/\/zoomproducciones.com.ar\/zoomp\/wp-json\/wp\/v2\/media?parent=4645"}],"wp:term":[{"taxonomy":"category","embeddable":true,"href":"https:\/\/zoomproducciones.com.ar\/zoomp\/wp-json\/wp\/v2\/categories?post=4645"},{"taxonomy":"post_tag","embeddable":true,"href":"https:\/\/zoomproducciones.com.ar\/zoomp\/wp-json\/wp\/v2\/tags?post=4645"}],"curies":[{"name":"wp","href":"https:\/\/api.w.org\/{rel}","templated":true}]}}