{"id":4639,"date":"2023-04-10T10:07:52","date_gmt":"2023-04-10T13:07:52","guid":{"rendered":"http:\/\/zoomproducciones.com.ar\/zoomp\/?p=4639"},"modified":"2023-04-10T10:07:52","modified_gmt":"2023-04-10T13:07:52","slug":"inicia-el-pago-del-plus-unificado-para-provinciales","status":"publish","type":"post","link":"https:\/\/zoomproducciones.com.ar\/zoomp\/inicia-el-pago-del-plus-unificado-para-provinciales\/","title":{"rendered":"Inicia el pago del plus unificado para provinciales"},"content":{"rendered":"\n<p>Este lunes inicia el pago del plus unificado para trabajadores provinciales activos y jubilados. El cronograma est\u00e1 dividido por terminaci\u00f3n de DNI. En cajeros el monto ya est\u00e1 disponible desde el pasado jueves 06 de abril.<\/p>\n\n\n\n<h2 class=\"wp-block-heading\">Cronograma<\/h2>\n\n\n\n<figure class=\"wp-block-embed is-type-rich is-provider-twitter wp-block-embed-twitter\"><div class=\"wp-block-embed__wrapper\">\n<blockquote class=\"twitter-tweet\" data-width=\"550\" data-dnt=\"true\"><p lang=\"es\" dir=\"ltr\">\u00a1Buenos d\u00edas! El Plus Unificado del mes de abril para trabajadores provinciales activos y jubilados se pagar\u00e1 por terminaci\u00f3n de DNI:<br><br>\u2022 Lunes 10: 0 y 1*<br>\u2022 Martes 11: 2 y 3<br>\u2022 Mi\u00e9rcoles 12: 4 y 5<br>\u2022 Jueves 13: 6 y 7<br>\u2022 Viernes 14: 8 y 9<br><br>* En cajeros, jueves 6.<\/p>&mdash; Gustavo Vald\u00e9s (@gustavovaldesok) <a href=\"https:\/\/twitter.com\/gustavovaldesok\/status\/1643569511751188480?ref_src=twsrc%5Etfw\">April 5, 2023<\/a><\/blockquote><script async src=\"https:\/\/platform.twitter.com\/widgets.js\" charset=\"utf-8\"><\/script>\n<\/div><\/figure>\n","protected":false},"excerpt":{"rendered":"<p>Este lunes inicia el pago del plus unificado para trabajadores provinciales activos y jubilados. El cronograma est\u00e1 dividido por terminaci\u00f3n de DNI. En cajeros el monto ya est\u00e1 disponible desde el pasado jueves 06 de abril. Cronograma<\/p>\n","protected":false},"author":2,"featured_media":0,"comment_status":"closed","ping_status":"open","sticky":false,"template":"","format":"standard","meta":{"footnotes":""},"categories":[3],"tags":[125,113],"class_list":{"0":"post-4639","1":"post","2":"type-post","3":"status-publish","4":"format-standard","6":"category-provinciales","7":"tag-corrientes","8":"tag-gobierno-provincial"},"_links":{"self":[{"href":"https:\/\/zoomproducciones.com.ar\/zoomp\/wp-json\/wp\/v2\/posts\/4639","targetHints":{"allow":["GET"]}}],"collection":[{"href":"https:\/\/zoomproducciones.com.ar\/zoomp\/wp-json\/wp\/v2\/posts"}],"about":[{"href":"https:\/\/zoomproducciones.com.ar\/zoomp\/wp-json\/wp\/v2\/types\/post"}],"author":[{"embeddable":true,"href":"https:\/\/zoomproducciones.com.ar\/zoomp\/wp-json\/wp\/v2\/users\/2"}],"replies":[{"embeddable":true,"href":"https:\/\/zoomproducciones.com.ar\/zoomp\/wp-json\/wp\/v2\/comments?post=4639"}],"version-history":[{"count":1,"href":"https:\/\/zoomproducciones.com.ar\/zoomp\/wp-json\/wp\/v2\/posts\/4639\/revisions"}],"predecessor-version":[{"id":4640,"href":"https:\/\/zoomproducciones.com.ar\/zoomp\/wp-json\/wp\/v2\/posts\/4639\/revisions\/4640"}],"wp:attachment":[{"href":"https:\/\/zoomproducciones.com.ar\/zoomp\/wp-json\/wp\/v2\/media?parent=4639"}],"wp:term":[{"taxonomy":"category","embeddable":true,"href":"https:\/\/zoomproducciones.com.ar\/zoomp\/wp-json\/wp\/v2\/categories?post=4639"},{"taxonomy":"post_tag","embeddable":true,"href":"https:\/\/zoomproducciones.com.ar\/zoomp\/wp-json\/wp\/v2\/tags?post=4639"}],"curies":[{"name":"wp","href":"https:\/\/api.w.org\/{rel}","templated":true}]}}