{"id":4632,"date":"2023-04-10T09:34:29","date_gmt":"2023-04-10T12:34:29","guid":{"rendered":"http:\/\/zoomproducciones.com.ar\/zoomp\/?p=4632"},"modified":"2023-04-10T09:34:29","modified_gmt":"2023-04-10T12:34:29","slug":"massa-viaja-a-estados-unidos-para-reunirse-con-el-fmi","status":"publish","type":"post","link":"https:\/\/zoomproducciones.com.ar\/zoomp\/massa-viaja-a-estados-unidos-para-reunirse-con-el-fmi\/","title":{"rendered":"Massa viaja a Estados Unidos para reunirse con el FMI"},"content":{"rendered":"\n<p>Massa viaja a Estados Unidos para reunirse con Kristalina Georgieva, la titular del FMI. La junta ser\u00e1 el pr\u00f3ximo jueves 13 de abril. El\u00a0<strong>ministro de Econom\u00eda<\/strong>\u00a0estar\u00e1 encarando otra etapa de la renegociaci\u00f3n que el\u00a0<strong>Gobierno<\/strong>\u00a0mantiene con organismos internacionales por la\u00a0<strong>Deuda<\/strong>.<\/p>\n\n\n\n<p>Massa va a asistir a la\u00a0<strong>cumbre de ministros de Finanzas y presidentes de bancos centrales del G20<\/strong>,que comenzar\u00e1 el pr\u00f3ximo jueves 13. El ministro aprovechar\u00e1 el foro internacional para mantener tambi\u00e9n reuniones bilaterales y con directivos de los organismos.<\/p>\n\n\n\n<p>El ministro tiene pautado<strong>\u00a0llegar a la capital de Estados Unidos el mi\u00e9rcoles 12<\/strong>\u00a0para asistir el\u00a0<strong>jueves 13<\/strong>\u00a0a un desayuno en el\u00a0<strong>cuartel general del FMI<\/strong>, donde se ver\u00e1 con sus pares de la regi\u00f3n y asistir\u00e1 a la cumbre del ministros de Finanzas del G20.<\/p>\n\n\n\n<p><strong>Massa<\/strong>\u00a0mantendr\u00e1 tambi\u00e9n reuni\u00f3n bilateral con la\u00a0<strong>segunda del FMI, Gita Gopinath<\/strong>, tras la aprobaci\u00f3n de la semana pasada de la\u00a0<strong>cuarta revisi\u00f3n del programa de la Argentina con el organismo<\/strong>.<\/p>\n\n\n\n<p>La semana pasada, el directorio del FMI consider\u00f3 que la Argentina\u00a0<strong>\u00abcumpli\u00f3 con todos los criterios cuantitativos de desempe\u00f1o hasta fines de diciembre de 2022 con cierto margen\u00bb<\/strong>.<\/p>\n\n\n\n<p>El\u00a0<strong>Directorio del FMI<\/strong>\u00a0tambi\u00e9n\u00a0<strong>\u00abaprob\u00f3 modificaciones a la meta de acumulaci\u00f3n de reservas para acomodar parcialmente el impacto de la sequ\u00eda severa\u00bb<\/strong>. En este sentido, se habilit\u00f3 a modificar la meta anual, con una reducci\u00f3n de\u00a0<strong>US$ 1.800 millones<\/strong>\u00a0de lo inicialmente pautado, con lo que las meta anual de acumulaci\u00f3n de reservas qued\u00f3 en\u00a0<strong>US$ 8.000 millones<\/strong>.<\/p>\n","protected":false},"excerpt":{"rendered":"<p>Massa viaja a Estados Unidos para reunirse con Kristalina Georgieva, la titular del FMI. La junta ser\u00e1 el pr\u00f3ximo jueves 13 de abril. El\u00a0ministro de Econom\u00eda\u00a0estar\u00e1 encarando otra etapa de la renegociaci\u00f3n que el\u00a0Gobierno\u00a0mantiene con organismos internacionales por la\u00a0Deuda. Massa va a asistir a la\u00a0cumbre de ministros de Finanzas y presidentes de bancos centrales del [&hellip;]<\/p>\n","protected":false},"author":2,"featured_media":0,"comment_status":"closed","ping_status":"open","sticky":false,"template":"","format":"standard","meta":{"footnotes":""},"categories":[8],"tags":[118,42,117,119],"class_list":{"0":"post-4632","1":"post","2":"type-post","3":"status-publish","4":"format-standard","6":"category-nacionales","7":"tag-argentina","8":"tag-featured","9":"tag-gobierno-nacional","10":"tag-sergio-massa"},"_links":{"self":[{"href":"https:\/\/zoomproducciones.com.ar\/zoomp\/wp-json\/wp\/v2\/posts\/4632","targetHints":{"allow":["GET"]}}],"collection":[{"href":"https:\/\/zoomproducciones.com.ar\/zoomp\/wp-json\/wp\/v2\/posts"}],"about":[{"href":"https:\/\/zoomproducciones.com.ar\/zoomp\/wp-json\/wp\/v2\/types\/post"}],"author":[{"embeddable":true,"href":"https:\/\/zoomproducciones.com.ar\/zoomp\/wp-json\/wp\/v2\/users\/2"}],"replies":[{"embeddable":true,"href":"https:\/\/zoomproducciones.com.ar\/zoomp\/wp-json\/wp\/v2\/comments?post=4632"}],"version-history":[{"count":1,"href":"https:\/\/zoomproducciones.com.ar\/zoomp\/wp-json\/wp\/v2\/posts\/4632\/revisions"}],"predecessor-version":[{"id":4634,"href":"https:\/\/zoomproducciones.com.ar\/zoomp\/wp-json\/wp\/v2\/posts\/4632\/revisions\/4634"}],"wp:attachment":[{"href":"https:\/\/zoomproducciones.com.ar\/zoomp\/wp-json\/wp\/v2\/media?parent=4632"}],"wp:term":[{"taxonomy":"category","embeddable":true,"href":"https:\/\/zoomproducciones.com.ar\/zoomp\/wp-json\/wp\/v2\/categories?post=4632"},{"taxonomy":"post_tag","embeddable":true,"href":"https:\/\/zoomproducciones.com.ar\/zoomp\/wp-json\/wp\/v2\/tags?post=4632"}],"curies":[{"name":"wp","href":"https:\/\/api.w.org\/{rel}","templated":true}]}}