{"id":4631,"date":"2023-04-10T09:49:55","date_gmt":"2023-04-10T12:49:55","guid":{"rendered":"http:\/\/zoomproducciones.com.ar\/zoomp\/?p=4631"},"modified":"2023-04-10T09:51:49","modified_gmt":"2023-04-10T12:51:49","slug":"goya-padre-mato-a-su-propio-hijo-para-defender-a-su-esposa","status":"publish","type":"post","link":"https:\/\/zoomproducciones.com.ar\/zoomp\/goya-padre-mato-a-su-propio-hijo-para-defender-a-su-esposa\/","title":{"rendered":"Goya: padre mat\u00f3 a su propio hijo tras un ataque a su madre"},"content":{"rendered":"\n<p>En Goya <strong>un padre mat\u00f3 con una pala a su propio hijo<\/strong> qui\u00e9n, en un ataque de esquizofrenia, atacaba a su madre. El hecho se dio a conocer en la madrugada del domingo, apr\u00f3ximadamente a las 2 am. De acuerdo con las investigaciones, <strong>el joven fallecido ten\u00eda 25 a\u00f1os y padec\u00eda de esta enfermedad.<\/strong><\/p>\n\n\n\n<p>Fuentes policiales informaron que en una vivienda ubicada en pleno centro de Goya, un joven de 25 a\u00f1os falleci\u00f3 a causa de un golpe que le propici\u00f3 su padre.<\/p>\n\n\n\n<p>Seg\u00fan las investigaciones, el joven de 25 a\u00f1os,<strong> qui\u00e9n padec\u00eda esquizofrenia y estuvo internado en Corrientes hasta hace poco<\/strong>, atac\u00f3 a su madre violentamente. Tras la violencia ejercida contra la mujer, el padre -de apellido Debortoli- intervino <strong>dandole un golpe con una pala<\/strong>. Lamentablemente, tras ese accionar, su propio hijo falleci\u00f3 en el acto. <\/p>\n\n\n\n<p>Al llegar la polic\u00eda el joven ya se encontraba sin vida. En el lugar tambi\u00e9n se secuestr\u00f3 la pala. <\/p>\n\n\n\n<p>Una ambulancia traslad\u00f3 a la progenitora al hospital debido a las lesiones recibidas. En el lugar se constituy\u00f3 el fiscal en turno y m\u00e9dico policial. <strong>Ante las autoridades el padre habr\u00eda confesado ser el responsable del crimen y qued\u00f3 detenido en la Comisaria Primera.<\/strong><\/p>\n\n\n\n<p>Los padres del joven fallecido son docentes destacados en una escuela de la zona rural.<\/p>\n","protected":false},"excerpt":{"rendered":"<p>En Goya un padre mat\u00f3 con una pala a su propio hijo qui\u00e9n, en un ataque de esquizofrenia, atacaba a su madre. El hecho se dio a conocer en la madrugada del domingo, apr\u00f3ximadamente a las 2 am. De acuerdo con las investigaciones, el joven fallecido ten\u00eda 25 a\u00f1os y padec\u00eda de esta enfermedad. Fuentes [&hellip;]<\/p>\n","protected":false},"author":2,"featured_media":0,"comment_status":"closed","ping_status":"open","sticky":false,"template":"","format":"standard","meta":{"footnotes":""},"categories":[414],"tags":[42,122],"class_list":{"0":"post-4631","1":"post","2":"type-post","3":"status-publish","4":"format-standard","6":"category-policiales-2","7":"tag-featured","8":"tag-policiales"},"_links":{"self":[{"href":"https:\/\/zoomproducciones.com.ar\/zoomp\/wp-json\/wp\/v2\/posts\/4631","targetHints":{"allow":["GET"]}}],"collection":[{"href":"https:\/\/zoomproducciones.com.ar\/zoomp\/wp-json\/wp\/v2\/posts"}],"about":[{"href":"https:\/\/zoomproducciones.com.ar\/zoomp\/wp-json\/wp\/v2\/types\/post"}],"author":[{"embeddable":true,"href":"https:\/\/zoomproducciones.com.ar\/zoomp\/wp-json\/wp\/v2\/users\/2"}],"replies":[{"embeddable":true,"href":"https:\/\/zoomproducciones.com.ar\/zoomp\/wp-json\/wp\/v2\/comments?post=4631"}],"version-history":[{"count":2,"href":"https:\/\/zoomproducciones.com.ar\/zoomp\/wp-json\/wp\/v2\/posts\/4631\/revisions"}],"predecessor-version":[{"id":4638,"href":"https:\/\/zoomproducciones.com.ar\/zoomp\/wp-json\/wp\/v2\/posts\/4631\/revisions\/4638"}],"wp:attachment":[{"href":"https:\/\/zoomproducciones.com.ar\/zoomp\/wp-json\/wp\/v2\/media?parent=4631"}],"wp:term":[{"taxonomy":"category","embeddable":true,"href":"https:\/\/zoomproducciones.com.ar\/zoomp\/wp-json\/wp\/v2\/categories?post=4631"},{"taxonomy":"post_tag","embeddable":true,"href":"https:\/\/zoomproducciones.com.ar\/zoomp\/wp-json\/wp\/v2\/tags?post=4631"}],"curies":[{"name":"wp","href":"https:\/\/api.w.org\/{rel}","templated":true}]}}