{"id":4615,"date":"2023-04-06T11:33:41","date_gmt":"2023-04-06T14:33:41","guid":{"rendered":"http:\/\/zoomproducciones.com.ar\/zoomp\/?p=4615"},"modified":"2023-04-06T11:33:41","modified_gmt":"2023-04-06T14:33:41","slug":"asi-llego-la-gripe-aviar-a-corrientes","status":"publish","type":"post","link":"https:\/\/zoomproducciones.com.ar\/zoomp\/asi-llego-la-gripe-aviar-a-corrientes\/","title":{"rendered":"As\u00ed lleg\u00f3 la gripe aviar a Corrientes"},"content":{"rendered":"\n<p>Senasa y autoridades del Ministerio de Salud P\u00fablica de Corrientes confirmaron que el caso de gripe aviar en San Cosme lleg\u00f3 a Corrientes con un ave migratoria. <strong>\u201cSe diagnostic\u00f3 un caso de gripe aviar, en aves de corral en el departamento de San Cosme<\/strong>. Nos contactamos con Senasa y salud animal del Ministerio de Producci\u00f3n\u00bb expres\u00f3 Angelina Bobadilla. <\/p>\n\n\n\n<p>\u201c<strong>Las personas est\u00e1n en un buen estado<\/strong>, en general y Senasa est\u00e1 desplegando tareas para un buen control de las aves\u201d, destac\u00f3 la directora de Epidemiolog\u00eda de Corrientes.<\/p>\n\n\n\n<p>Los s\u00edntomas comienzan a manifestarse en el transcurso de dos a ocho d\u00edas y se pueden parecer a los de un resfriado com\u00fan.<strong> El paciente puede tener tos, fiebre, dolor de garganta y de cabeza, dolores musculares y dificultad para respirar.<\/strong><\/p>\n\n\n\n<p>Sobre el origen de la enfermedad, explic\u00f3: <strong>\u201cLas aves est\u00e1n migrando por el cambio de clima<\/strong>, de la temporada, en oto\u00f1o, y est\u00e1n migrando para el hemisferio norte. Eso es lo que est\u00e1 pasando. <strong>Alg\u00fan ave de las migratorias pas\u00f3 por este lugar a alimentarse, a tomar agua, y all\u00ed infest\u00f3 a las aves<\/strong>\u201d, precis\u00f3 Bobadilla.<\/p>\n\n\n\n<p>\u201cSe est\u00e1n realizando los rastrillajes y nexos epidemiol\u00f3gicos para saber c\u00f3mo lleg\u00f3 a ese lugar la enfermedad. <strong>Se est\u00e1 trabajando con tres equipos y le pedimos colaboraci\u00f3n a los vecinos<\/strong> que puedan sumar datos\u201d, explic\u00f3 Javier Alarc\u00f3n, coordinador regional de Sanidad Animal de Senasa.<\/p>\n\n\n\n<p>Ante c\u00f3mo identificar a un ave enferma, Alarc\u00f3n precis\u00f3: \u201c<strong>Los s\u00edntomas que pueden presentar son falta de apetito, no ponen huevos, las plumas empiezan a caer o est\u00e1n erizadas<\/strong>, su postura no es la misma y decaen, se alejan del grupo, tienen mucosidad -como un resfr\u00edo. El ave se a\u00edsla y queda sola, y eso no es habitual\u201d.<\/p>\n\n\n\n<p>En ese sentido, destac\u00f3 que <strong>lo m\u00e1s importante es dar aviso a Senasa y no tocar al animal e intentar cuidarlo.\u00a0<\/strong><\/p>\n\n\n\n<p>Datos: El Litoral &#8211; Corrientes.<\/p>\n","protected":false},"excerpt":{"rendered":"<p>Senasa y autoridades del Ministerio de Salud P\u00fablica de Corrientes confirmaron que el caso de gripe aviar en San Cosme lleg\u00f3 a Corrientes con un ave migratoria. \u201cSe diagnostic\u00f3 un caso de gripe aviar, en aves de corral en el departamento de San Cosme. Nos contactamos con Senasa y salud animal del Ministerio de Producci\u00f3n\u00bb [&hellip;]<\/p>\n","protected":false},"author":2,"featured_media":0,"comment_status":"closed","ping_status":"open","sticky":false,"template":"","format":"standard","meta":{"footnotes":""},"categories":[3],"tags":[125,42],"class_list":{"0":"post-4615","1":"post","2":"type-post","3":"status-publish","4":"format-standard","6":"category-provinciales","7":"tag-corrientes","8":"tag-featured"},"_links":{"self":[{"href":"https:\/\/zoomproducciones.com.ar\/zoomp\/wp-json\/wp\/v2\/posts\/4615","targetHints":{"allow":["GET"]}}],"collection":[{"href":"https:\/\/zoomproducciones.com.ar\/zoomp\/wp-json\/wp\/v2\/posts"}],"about":[{"href":"https:\/\/zoomproducciones.com.ar\/zoomp\/wp-json\/wp\/v2\/types\/post"}],"author":[{"embeddable":true,"href":"https:\/\/zoomproducciones.com.ar\/zoomp\/wp-json\/wp\/v2\/users\/2"}],"replies":[{"embeddable":true,"href":"https:\/\/zoomproducciones.com.ar\/zoomp\/wp-json\/wp\/v2\/comments?post=4615"}],"version-history":[{"count":1,"href":"https:\/\/zoomproducciones.com.ar\/zoomp\/wp-json\/wp\/v2\/posts\/4615\/revisions"}],"predecessor-version":[{"id":4617,"href":"https:\/\/zoomproducciones.com.ar\/zoomp\/wp-json\/wp\/v2\/posts\/4615\/revisions\/4617"}],"wp:attachment":[{"href":"https:\/\/zoomproducciones.com.ar\/zoomp\/wp-json\/wp\/v2\/media?parent=4615"}],"wp:term":[{"taxonomy":"category","embeddable":true,"href":"https:\/\/zoomproducciones.com.ar\/zoomp\/wp-json\/wp\/v2\/categories?post=4615"},{"taxonomy":"post_tag","embeddable":true,"href":"https:\/\/zoomproducciones.com.ar\/zoomp\/wp-json\/wp\/v2\/tags?post=4615"}],"curies":[{"name":"wp","href":"https:\/\/api.w.org\/{rel}","templated":true}]}}