{"id":4607,"date":"2023-04-06T10:48:43","date_gmt":"2023-04-06T13:48:43","guid":{"rendered":"http:\/\/zoomproducciones.com.ar\/zoomp\/?p=4607"},"modified":"2023-04-06T10:48:43","modified_gmt":"2023-04-06T13:48:43","slug":"jey-mammon-abandono-el-pais-necesito-relajar-la-cabeza","status":"publish","type":"post","link":"https:\/\/zoomproducciones.com.ar\/zoomp\/jey-mammon-abandono-el-pais-necesito-relajar-la-cabeza\/","title":{"rendered":"Jey Mammon abandon\u00f3 el pa\u00eds: \u00bbNecesito relajar la cabeza\u00bb"},"content":{"rendered":"\n<p>Jey Mammon abandon\u00f3 Argentina este mi\u00e9rcoles a la noche. \u00bbNecesito relajar la cabeza y pensar un poco\u00bb expres\u00f3 el conductor a unos periodistas antes de abordar el vuelo. Mammon viaj\u00f3 hacia Espa\u00f1a luego de haberse filtrado el \u00faltimo audio que Lucas Benvenuto le envi\u00f3. <\/p>\n\n\n\n<p>Mammon decidi\u00f3 abandonar el pa\u00eds en medio de sus acusaciones de abuso sexual contra el joven Lucas Benvenuto. <\/p>\n\n\n\n<p>\u00bbNecesito relajar la cabeza y pensar un poco\u00bb expres\u00f3 ante noteros que se dirigieron al aeropuerto. \u00bbEstoy solo, \u00bfme ves con miedo?\u00bb le respondi\u00f3 Mammon a un periodista que le preguntaba acerca de la reacci\u00f3n de las personas al verlo. <\/p>\n\n\n\n<p>\u201c<strong>Me ves as\u00ed solo&#8230; frente a toda la gente, \u00bfme ves con miedo?<\/strong>\u00a0No tengo m\u00e1s nada que decir, ya habl\u00e9 y dije todo lo que ten\u00eda que decir. Di las notas que ten\u00eda que dar y no tengo nada que decirte Santi (notero de LAM), ya te lo dije por WhatsApp lo que ten\u00eda que decirte\u201d, le respondi\u00f3 el ex presentador de La Pe\u00f1a de Morfi.<\/p>\n\n\n\n<h2 class=\"wp-block-heading\">Audio filtrado<\/h2>\n\n\n\n<p>Este martes se dio a conocer el<strong>\u00a0\u00faltimo audio que le mand\u00f3 Benvenuto a Jey Mammon<\/strong>, el cual el propio conductor hab\u00eda admitido que lo podr\u00eda usar como prueba para desmentir las acusaciones en su contra.<\/p>\n\n\n\n<p>\u201cMe acord\u00e9 de que&nbsp;<strong>vos garchabas conmigo cuando yo ten\u00eda diecis\u00e9is a\u00f1os, ups. Tambi\u00e9n me acord\u00e9 de que muchos familiares me vieron con vos<\/strong>, y tambi\u00e9n me acord\u00e9 de que ten\u00eda un par de fotos nuestras, yo con diecis\u00e9is a\u00f1itos y vos con tu edad,&nbsp;<strong>en tu sof\u00e1 en Eleven City, no s\u00e9 si te acord\u00e1s<\/strong>\u201d, comienza el audio difundido en<strong>&nbsp;Basta Baby<\/strong>, en&nbsp;<strong>A24<\/strong>.<\/p>\n\n\n\n<p>\u201cYo no har\u00eda jam\u00e1s algo as\u00ed como ir a la tele y decir:<strong>&nbsp;\u2018Jey Mamm\u00f3n estuvo conmigo cuando ten\u00eda diecis\u00e9is a\u00f1os\u2019.<\/strong>&nbsp;Porque no me nace, \u00bfsi? Pero por ah\u00ed me nac\u00eda que me contestaras al menos un mensaje, Jey. \u00bfS\u00ed?&nbsp;<strong>Nos conocemos muy bien, \u00bfok? Yo vi tus llantos con tu fracaso con esas fiestas de mierda que hac\u00edas<\/strong>, yo vi todo tu a\u00f1o cagado, todo tu a\u00f1o vomitado, nos conocemos, yo solamente quer\u00eda que me respondas, eso, nada\u201d, sum\u00f3.<\/p>\n","protected":false},"excerpt":{"rendered":"<p>Jey Mammon abandon\u00f3 Argentina este mi\u00e9rcoles a la noche. \u00bbNecesito relajar la cabeza y pensar un poco\u00bb expres\u00f3 el conductor a unos periodistas antes de abordar el vuelo. Mammon viaj\u00f3 hacia Espa\u00f1a luego de haberse filtrado el \u00faltimo audio que Lucas Benvenuto le envi\u00f3. Mammon decidi\u00f3 abandonar el pa\u00eds en medio de sus acusaciones de [&hellip;]<\/p>\n","protected":false},"author":2,"featured_media":0,"comment_status":"closed","ping_status":"open","sticky":false,"template":"","format":"standard","meta":{"footnotes":""},"categories":[8],"tags":[118,42,122],"class_list":{"0":"post-4607","1":"post","2":"type-post","3":"status-publish","4":"format-standard","6":"category-nacionales","7":"tag-argentina","8":"tag-featured","9":"tag-policiales"},"_links":{"self":[{"href":"https:\/\/zoomproducciones.com.ar\/zoomp\/wp-json\/wp\/v2\/posts\/4607","targetHints":{"allow":["GET"]}}],"collection":[{"href":"https:\/\/zoomproducciones.com.ar\/zoomp\/wp-json\/wp\/v2\/posts"}],"about":[{"href":"https:\/\/zoomproducciones.com.ar\/zoomp\/wp-json\/wp\/v2\/types\/post"}],"author":[{"embeddable":true,"href":"https:\/\/zoomproducciones.com.ar\/zoomp\/wp-json\/wp\/v2\/users\/2"}],"replies":[{"embeddable":true,"href":"https:\/\/zoomproducciones.com.ar\/zoomp\/wp-json\/wp\/v2\/comments?post=4607"}],"version-history":[{"count":1,"href":"https:\/\/zoomproducciones.com.ar\/zoomp\/wp-json\/wp\/v2\/posts\/4607\/revisions"}],"predecessor-version":[{"id":4609,"href":"https:\/\/zoomproducciones.com.ar\/zoomp\/wp-json\/wp\/v2\/posts\/4607\/revisions\/4609"}],"wp:attachment":[{"href":"https:\/\/zoomproducciones.com.ar\/zoomp\/wp-json\/wp\/v2\/media?parent=4607"}],"wp:term":[{"taxonomy":"category","embeddable":true,"href":"https:\/\/zoomproducciones.com.ar\/zoomp\/wp-json\/wp\/v2\/categories?post=4607"},{"taxonomy":"post_tag","embeddable":true,"href":"https:\/\/zoomproducciones.com.ar\/zoomp\/wp-json\/wp\/v2\/tags?post=4607"}],"curies":[{"name":"wp","href":"https:\/\/api.w.org\/{rel}","templated":true}]}}