{"id":4598,"date":"2023-04-05T17:11:40","date_gmt":"2023-04-05T20:11:40","guid":{"rendered":"http:\/\/zoomproducciones.com.ar\/zoomp\/?p=4598"},"modified":"2023-04-05T17:11:40","modified_gmt":"2023-04-05T20:11:40","slug":"mercedes-un-hombre-habria-disparado-accidentalmente-a-su-hermano-mientras-cazaban","status":"publish","type":"post","link":"https:\/\/zoomproducciones.com.ar\/zoomp\/mercedes-un-hombre-habria-disparado-accidentalmente-a-su-hermano-mientras-cazaban\/","title":{"rendered":"Mercedes: un hombre habr\u00eda disparado accidentalmente a su hermano mientras cazaban"},"content":{"rendered":"\n<p>El hombre de 49 a\u00f1os falleci\u00f3 en el acto.<\/p>\n\n\n\n<p>Esta ma\u00f1ana se produjo el deceso de un hombre de 49 a\u00f1os en Ruta Nacional 119, altura del km 100. Seg\u00fan las investigaciones, dos hermanos, uno de 42 y otro de 49, se encontraban cazando cuando el menor, de manera accidental, habr\u00eda disparado a su hermano. <\/p>\n\n\n\n<p>Los efectivos de la Comisar\u00eda Distrito Segunda trabajan en la hipotesis del accidente. <\/p>\n\n\n\n<p>El hombre de 49 a\u00f1os habr\u00eda fallecido en el acto.<\/p>\n\n\n\n<p>Las investigaciones continuar\u00e1n para esclarecer las causas en las que este sujeto perdi\u00f3 la vida. <\/p>\n\n\n\n<p>Datos: Sudamericana. <\/p>\n","protected":false},"excerpt":{"rendered":"<p>El hombre de 49 a\u00f1os falleci\u00f3 en el acto. Esta ma\u00f1ana se produjo el deceso de un hombre de 49 a\u00f1os en Ruta Nacional 119, altura del km 100. Seg\u00fan las investigaciones, dos hermanos, uno de 42 y otro de 49, se encontraban cazando cuando el menor, de manera accidental, habr\u00eda disparado a su hermano. [&hellip;]<\/p>\n","protected":false},"author":2,"featured_media":0,"comment_status":"closed","ping_status":"open","sticky":false,"template":"","format":"standard","meta":{"footnotes":""},"categories":[414],"tags":[125,42,122],"class_list":{"0":"post-4598","1":"post","2":"type-post","3":"status-publish","4":"format-standard","6":"category-policiales-2","7":"tag-corrientes","8":"tag-featured","9":"tag-policiales"},"_links":{"self":[{"href":"https:\/\/zoomproducciones.com.ar\/zoomp\/wp-json\/wp\/v2\/posts\/4598","targetHints":{"allow":["GET"]}}],"collection":[{"href":"https:\/\/zoomproducciones.com.ar\/zoomp\/wp-json\/wp\/v2\/posts"}],"about":[{"href":"https:\/\/zoomproducciones.com.ar\/zoomp\/wp-json\/wp\/v2\/types\/post"}],"author":[{"embeddable":true,"href":"https:\/\/zoomproducciones.com.ar\/zoomp\/wp-json\/wp\/v2\/users\/2"}],"replies":[{"embeddable":true,"href":"https:\/\/zoomproducciones.com.ar\/zoomp\/wp-json\/wp\/v2\/comments?post=4598"}],"version-history":[{"count":1,"href":"https:\/\/zoomproducciones.com.ar\/zoomp\/wp-json\/wp\/v2\/posts\/4598\/revisions"}],"predecessor-version":[{"id":4600,"href":"https:\/\/zoomproducciones.com.ar\/zoomp\/wp-json\/wp\/v2\/posts\/4598\/revisions\/4600"}],"wp:attachment":[{"href":"https:\/\/zoomproducciones.com.ar\/zoomp\/wp-json\/wp\/v2\/media?parent=4598"}],"wp:term":[{"taxonomy":"category","embeddable":true,"href":"https:\/\/zoomproducciones.com.ar\/zoomp\/wp-json\/wp\/v2\/categories?post=4598"},{"taxonomy":"post_tag","embeddable":true,"href":"https:\/\/zoomproducciones.com.ar\/zoomp\/wp-json\/wp\/v2\/tags?post=4598"}],"curies":[{"name":"wp","href":"https:\/\/api.w.org\/{rel}","templated":true}]}}