{"id":4594,"date":"2023-04-05T16:44:39","date_gmt":"2023-04-05T19:44:39","guid":{"rendered":"http:\/\/zoomproducciones.com.ar\/zoomp\/?p=4594"},"modified":"2023-04-05T16:44:42","modified_gmt":"2023-04-05T19:44:42","slug":"brasil-hombre-asesino-a-sangre-fria-a-cuatro-ninos-en-un-jardin-de-infantes","status":"publish","type":"post","link":"https:\/\/zoomproducciones.com.ar\/zoomp\/brasil-hombre-asesino-a-sangre-fria-a-cuatro-ninos-en-un-jardin-de-infantes\/","title":{"rendered":"Brasil: hombre asesin\u00f3 a sangre fr\u00eda a cuatro ni\u00f1os en un jard\u00edn de infantes"},"content":{"rendered":"\n<p>Este mi\u00e9rcoles un hombre de 25 a\u00f1os entr\u00f3 a un jard\u00edn de infantes y <strong>mat\u00f3 a cuatro ni\u00f1os con un hacha<\/strong>. Sus ataques eran de manera aleatoria, <strong>asesinando a menores de siete (7) e hiriendo a otros tres<\/strong>. El homicida <strong>se entreg\u00f3 a la policia<\/strong> de un Brasil totalmente conmocionado. El hecho ocurri\u00f3 en el municipio de Blumenau, estado de Santa Catarina. <\/p>\n\n\n\n<p>Un hombre salt\u00f3 el muro del <strong>jard\u00edn Cantinho Bom Pastor<\/strong> e ingres\u00f3 a atacar ferozmente a ni\u00f1os que se encontraban en clases. <\/p>\n\n\n\n<figure class=\"wp-block-image size-full\"><a href=\"http:\/\/zoomproducciones.com.ar\/zoomp\/wp-content\/uploads\/2023\/04\/image-6.png\"><img decoding=\"async\" src=\"http:\/\/zoomproducciones.com.ar\/zoomp\/wp-content\/uploads\/2023\/04\/image-6.png\" alt=\"\" class=\"wp-image-4595\"\/><\/a><\/figure>\n\n\n\n<p>Tras el ataque a siete ni\u00f1os -cuatro de ellos asesinados- el hombre de 25 a\u00f1os, al ver las reacciones de las maestras, <strong>huy\u00f3 saltando el muro. <\/strong>All\u00ed se dirigi\u00f3 hacia la polic\u00eda, se entreg\u00f3 y se mantiene en silencio hasta el momento.<\/p>\n\n\n\n<p>Desde la\u00a0<strong>Alcald\u00eda de Blumenau<\/strong>,\u00a0un municipio de 400 mil habitantes en el estado de Santa Catarina, suspendieron las clases de la red p\u00fablica durante este mi\u00e9rcoles y jueves. El gobernador de\u00a0<strong>Santa Catarina, Jorginho Mello,<\/strong>\u00a0decret\u00f3 luto oficial de tres d\u00edas en la zona.<\/p>\n\n\n\n<p>\u00bb<strong>No hay mayor dolor que el de una familia que pierde a sus hijos o nietos,<\/strong> m\u00e1s a\u00fan en un acto de violencia contra ni\u00f1os inocentes e indefensos\u00bb expres\u00f3 <strong>Lula da Silva<\/strong> en sus redes sociales. \u00bbPara cualquier ser humano que tenga el sentimiento cristiano, <strong>una tragedia como esta es inaceptable<\/strong>, un comportamiento, un acto absurdo de odio y cobard\u00eda como este\u00bb.<\/p>\n\n\n\n<figure class=\"wp-block-embed is-type-rich is-provider-twitter wp-block-embed-twitter\"><div class=\"wp-block-embed__wrapper\">\n<blockquote class=\"twitter-tweet\" data-width=\"550\" data-dnt=\"true\"><p lang=\"pt\" dir=\"ltr\">Para qualquer ser humano que tenha o sentimento crist\u00e3o, uma trag\u00e9dia como essa \u00e9 inaceit\u00e1vel, um comportamento, um ato absurdo de \u00f3dio e covardia como esse.<\/p>&mdash; Lula (@LulaOficial) <a href=\"https:\/\/twitter.com\/LulaOficial\/status\/1643607706043916293?ref_src=twsrc%5Etfw\">April 5, 2023<\/a><\/blockquote><script async src=\"https:\/\/platform.twitter.com\/widgets.js\" charset=\"utf-8\"><\/script>\n<\/div><\/figure>\n","protected":false},"excerpt":{"rendered":"<p>Este mi\u00e9rcoles un hombre de 25 a\u00f1os entr\u00f3 a un jard\u00edn de infantes y mat\u00f3 a cuatro ni\u00f1os con un hacha. Sus ataques eran de manera aleatoria, asesinando a menores de siete (7) e hiriendo a otros tres. El homicida se entreg\u00f3 a la policia de un Brasil totalmente conmocionado. El hecho ocurri\u00f3 en el [&hellip;]<\/p>\n","protected":false},"author":2,"featured_media":0,"comment_status":"closed","ping_status":"open","sticky":false,"template":"","format":"standard","meta":{"footnotes":""},"categories":[206],"tags":[172,42,122],"class_list":{"0":"post-4594","1":"post","2":"type-post","3":"status-publish","4":"format-standard","6":"category-internacionales-infogral","7":"tag-brasil","8":"tag-featured","9":"tag-policiales"},"_links":{"self":[{"href":"https:\/\/zoomproducciones.com.ar\/zoomp\/wp-json\/wp\/v2\/posts\/4594","targetHints":{"allow":["GET"]}}],"collection":[{"href":"https:\/\/zoomproducciones.com.ar\/zoomp\/wp-json\/wp\/v2\/posts"}],"about":[{"href":"https:\/\/zoomproducciones.com.ar\/zoomp\/wp-json\/wp\/v2\/types\/post"}],"author":[{"embeddable":true,"href":"https:\/\/zoomproducciones.com.ar\/zoomp\/wp-json\/wp\/v2\/users\/2"}],"replies":[{"embeddable":true,"href":"https:\/\/zoomproducciones.com.ar\/zoomp\/wp-json\/wp\/v2\/comments?post=4594"}],"version-history":[{"count":1,"href":"https:\/\/zoomproducciones.com.ar\/zoomp\/wp-json\/wp\/v2\/posts\/4594\/revisions"}],"predecessor-version":[{"id":4597,"href":"https:\/\/zoomproducciones.com.ar\/zoomp\/wp-json\/wp\/v2\/posts\/4594\/revisions\/4597"}],"wp:attachment":[{"href":"https:\/\/zoomproducciones.com.ar\/zoomp\/wp-json\/wp\/v2\/media?parent=4594"}],"wp:term":[{"taxonomy":"category","embeddable":true,"href":"https:\/\/zoomproducciones.com.ar\/zoomp\/wp-json\/wp\/v2\/categories?post=4594"},{"taxonomy":"post_tag","embeddable":true,"href":"https:\/\/zoomproducciones.com.ar\/zoomp\/wp-json\/wp\/v2\/tags?post=4594"}],"curies":[{"name":"wp","href":"https:\/\/api.w.org\/{rel}","templated":true}]}}