{"id":4591,"date":"2023-04-05T16:30:54","date_gmt":"2023-04-05T19:30:54","guid":{"rendered":"http:\/\/zoomproducciones.com.ar\/zoomp\/?p=4591"},"modified":"2023-04-05T16:30:55","modified_gmt":"2023-04-05T19:30:55","slug":"fiscal-solicito-la-inmediata-detencion-de-marcelo-corazza","status":"publish","type":"post","link":"https:\/\/zoomproducciones.com.ar\/zoomp\/fiscal-solicito-la-inmediata-detencion-de-marcelo-corazza\/","title":{"rendered":"Fiscal solicit\u00f3 la inmediata detenci\u00f3n de Marcelo Corazza"},"content":{"rendered":"\n<p>El ex Gran Hermano fue liberado pero el fiscal Patricio Lugones apel\u00f3 dicha resoluci\u00f3n.<\/p>\n\n\n\n<p>Patricio Lugones, fiscal, apel\u00f3 el procesamiento sin prisi\u00f3n preventiva y la falta de m\u00e9rito de Marcelo Corazza. Estas condiciones, que le otorgaron a libetad al productor, fueron dictadas por el juez Javier Sarmiento. Lugones exigi\u00f3 su inmediata detenci\u00f3n.<\/p>\n\n\n\n<p>Recordamos que Corazza est\u00e1 imputado por los delitos de\u00a0<strong>corrupci\u00f3n de menores<\/strong>\u00a0de\u00a013 a\u00f1os y\u00a0<strong>exhibiciones obscenas<\/strong>.<\/p>\n\n\n\n<p><strong>\u00a0Francisco Angelotti<\/strong>,\u00a0<strong>Andr\u00e9s Charpenet<\/strong>\u00a0y\u00a0<strong>Ra\u00fal\u00a0Ignacio Mermet<\/strong> <strong>fueron procesados con prisi\u00f3n preventiva<\/strong>\u00a0por los delitos de asociaci\u00f3n il\u00edcita, trata de personas agravada por la cantidad de v\u00edctimas y que son menores de 18 a\u00f1os, as\u00ed como la situaci\u00f3n de vulnerabilidad que atravesaban; abuso sexual con acceso carnal y promoci\u00f3n de la pornograf\u00eda.<\/p>\n\n\n\n<p>El fiscal considera que se le imponga la prisi\u00f3n preventiva ante el riesgo de que pueda perjudicarse la investigaci\u00f3n.<\/p>\n\n\n\n<figure class=\"wp-block-image size-full\"><a href=\"http:\/\/zoomproducciones.com.ar\/zoomp\/wp-content\/uploads\/2023\/04\/image-5.png\"><img decoding=\"async\" src=\"http:\/\/zoomproducciones.com.ar\/zoomp\/wp-content\/uploads\/2023\/04\/image-5.png\" alt=\"\" class=\"wp-image-4592\"\/><\/a><\/figure>\n\n\n\n<p>Al salir este martes, Corazza firm\u00f3 su inocencia y coment\u00f3 lo mal que la pas\u00f3 tras semanas en prisi\u00f3n. <\/p>\n\n\n\n<p><\/p>\n","protected":false},"excerpt":{"rendered":"<p>El ex Gran Hermano fue liberado pero el fiscal Patricio Lugones apel\u00f3 dicha resoluci\u00f3n. Patricio Lugones, fiscal, apel\u00f3 el procesamiento sin prisi\u00f3n preventiva y la falta de m\u00e9rito de Marcelo Corazza. Estas condiciones, que le otorgaron a libetad al productor, fueron dictadas por el juez Javier Sarmiento. Lugones exigi\u00f3 su inmediata detenci\u00f3n. Recordamos que Corazza [&hellip;]<\/p>\n","protected":false},"author":2,"featured_media":0,"comment_status":"closed","ping_status":"open","sticky":false,"template":"","format":"standard","meta":{"footnotes":""},"categories":[414],"tags":[118,42,122],"class_list":{"0":"post-4591","1":"post","2":"type-post","3":"status-publish","4":"format-standard","6":"category-policiales-2","7":"tag-argentina","8":"tag-featured","9":"tag-policiales"},"_links":{"self":[{"href":"https:\/\/zoomproducciones.com.ar\/zoomp\/wp-json\/wp\/v2\/posts\/4591","targetHints":{"allow":["GET"]}}],"collection":[{"href":"https:\/\/zoomproducciones.com.ar\/zoomp\/wp-json\/wp\/v2\/posts"}],"about":[{"href":"https:\/\/zoomproducciones.com.ar\/zoomp\/wp-json\/wp\/v2\/types\/post"}],"author":[{"embeddable":true,"href":"https:\/\/zoomproducciones.com.ar\/zoomp\/wp-json\/wp\/v2\/users\/2"}],"replies":[{"embeddable":true,"href":"https:\/\/zoomproducciones.com.ar\/zoomp\/wp-json\/wp\/v2\/comments?post=4591"}],"version-history":[{"count":1,"href":"https:\/\/zoomproducciones.com.ar\/zoomp\/wp-json\/wp\/v2\/posts\/4591\/revisions"}],"predecessor-version":[{"id":4593,"href":"https:\/\/zoomproducciones.com.ar\/zoomp\/wp-json\/wp\/v2\/posts\/4591\/revisions\/4593"}],"wp:attachment":[{"href":"https:\/\/zoomproducciones.com.ar\/zoomp\/wp-json\/wp\/v2\/media?parent=4591"}],"wp:term":[{"taxonomy":"category","embeddable":true,"href":"https:\/\/zoomproducciones.com.ar\/zoomp\/wp-json\/wp\/v2\/categories?post=4591"},{"taxonomy":"post_tag","embeddable":true,"href":"https:\/\/zoomproducciones.com.ar\/zoomp\/wp-json\/wp\/v2\/tags?post=4591"}],"curies":[{"name":"wp","href":"https:\/\/api.w.org\/{rel}","templated":true}]}}