{"id":4578,"date":"2023-04-04T09:37:19","date_gmt":"2023-04-04T12:37:19","guid":{"rendered":"http:\/\/zoomproducciones.com.ar\/zoomp\/?p=4578"},"modified":"2023-04-04T09:37:20","modified_gmt":"2023-04-04T12:37:20","slug":"jey-mammon-lucas-es-victima-pero-no-mia","status":"publish","type":"post","link":"https:\/\/zoomproducciones.com.ar\/zoomp\/jey-mammon-lucas-es-victima-pero-no-mia\/","title":{"rendered":"Jey Mammon: \u00bbLucas es v\u00edctima, pero no m\u00eda\u00bb"},"content":{"rendered":"\n<p>\u00ab<strong>Yo s\u00e9 que Lucas es v\u00edctima, no m\u00eda en absoluto, pero s\u00ed de un mont\u00f3n de situaciones en su vida<\/strong>\u00a0que lo han dejado roto\u00bb.<\/p>\n\n\n\n<p>Jey Mammon volvi\u00f3 a prestar declaraciones en la prensa, esta vez con A24. \u00ab<strong>Que cada uno piense lo que quiera<\/strong>, que la televisi\u00f3n y los medios hagan lo que quieran\u00bb expres\u00f3 acerca de la denuncia que Lucas Benvenuto present\u00f3 contra \u00e9l. <\/p>\n\n\n\n<p>\u00ab<strong>Yo s\u00e9 que Lucas es v\u00edctima, no m\u00eda en absoluto, pero s\u00ed de un mont\u00f3n de situaciones en su vida<\/strong>\u00a0que lo han dejado roto. Entiendo lo que le pasa a la sociedad frente a la historia de Lucas\u00bb, agreg\u00f3.<\/p>\n\n\n\n<p>\u00abYo soy consciente que<strong>\u00a0forj\u00e9 un v\u00ednculo de amor entre tus 16\/17 a\u00f1os y sus 25<\/strong>\u00bb expres\u00f3 el conductor. Lo cierto es que, unas de las cuestiones que se le reprocha a Jey Mammon, son sus diferentes declaraciones acerca de la edad de Lucas.<\/p>\n\n\n\n<p>Con Jorge Rial, Jey Mammon aclar\u00f3 no recordar la edad de Lucas. No estaba seguro si el joven ten\u00eda 16, 17 o 18 a\u00f1os cuando comenzaron a hablar. Aunque, en su descargo de Twitter, el cantante s\u00ed dijo que Lucas ten\u00eda 16 y no 14. <\/p>\n\n\n\n<p>\u00ab<strong>Yo soy un pelotudo porque todav\u00eda lo estoy cuidando<\/strong>. Lo cuid\u00e9 y lo sigo cuidando\u00bb, asegur\u00f3.<\/p>\n\n\n\n<p>\u00abEn el a\u00f1o 2009, y te digo la fecha exacta porque tuve que hacer una reconstrucci\u00f3n.\u00a0<strong>Yo no lo conoc\u00ed a los 14 y nada de lo que dice sucedi\u00f3 a sus 14 a\u00f1os.<\/strong>\u00a0Yo puedo demostrar que a sus 16 a\u00f1os lo conoc\u00ed en una fiesta donde yo hac\u00eda streaming, hac\u00eda radio por internet para el colectivo LGTB\u00bb, explic\u00f3 el conductor.<\/p>\n\n\n\n<p>\u00a0\u201cEl abuso no estuvo ni en la fiesta, ni en mi casa ni en ning\u00fan otro lugar\u201d especific\u00f3.<\/p>\n\n\n\n<p>\u00ab<strong>Yo viv\u00eda en el barrio del Once, y en mi programa hac\u00eda el personaje de Estelita.<\/strong>\u00a0A esa fiesta fue Lucas, y ah\u00ed lo conoc\u00ed y el registro que tengo es haber intercambiado una palabra como con cualquiera que estaba ah\u00ed. A esa fiesta Lucas fue con dos o tres amigos, uno de ellos me escribi\u00f3 estos d\u00edas y me dijo que no pod\u00eda creer lo que me estaba haciendo\u00bb, concluy\u00f3.<\/p>\n","protected":false},"excerpt":{"rendered":"<p>\u00abYo s\u00e9 que Lucas es v\u00edctima, no m\u00eda en absoluto, pero s\u00ed de un mont\u00f3n de situaciones en su vida\u00a0que lo han dejado roto\u00bb. Jey Mammon volvi\u00f3 a prestar declaraciones en la prensa, esta vez con A24. \u00abQue cada uno piense lo que quiera, que la televisi\u00f3n y los medios hagan lo que quieran\u00bb expres\u00f3 [&hellip;]<\/p>\n","protected":false},"author":2,"featured_media":0,"comment_status":"closed","ping_status":"open","sticky":false,"template":"","format":"standard","meta":{"footnotes":""},"categories":[8],"tags":[118,42,122],"class_list":{"0":"post-4578","1":"post","2":"type-post","3":"status-publish","4":"format-standard","6":"category-nacionales","7":"tag-argentina","8":"tag-featured","9":"tag-policiales"},"_links":{"self":[{"href":"https:\/\/zoomproducciones.com.ar\/zoomp\/wp-json\/wp\/v2\/posts\/4578","targetHints":{"allow":["GET"]}}],"collection":[{"href":"https:\/\/zoomproducciones.com.ar\/zoomp\/wp-json\/wp\/v2\/posts"}],"about":[{"href":"https:\/\/zoomproducciones.com.ar\/zoomp\/wp-json\/wp\/v2\/types\/post"}],"author":[{"embeddable":true,"href":"https:\/\/zoomproducciones.com.ar\/zoomp\/wp-json\/wp\/v2\/users\/2"}],"replies":[{"embeddable":true,"href":"https:\/\/zoomproducciones.com.ar\/zoomp\/wp-json\/wp\/v2\/comments?post=4578"}],"version-history":[{"count":1,"href":"https:\/\/zoomproducciones.com.ar\/zoomp\/wp-json\/wp\/v2\/posts\/4578\/revisions"}],"predecessor-version":[{"id":4579,"href":"https:\/\/zoomproducciones.com.ar\/zoomp\/wp-json\/wp\/v2\/posts\/4578\/revisions\/4579"}],"wp:attachment":[{"href":"https:\/\/zoomproducciones.com.ar\/zoomp\/wp-json\/wp\/v2\/media?parent=4578"}],"wp:term":[{"taxonomy":"category","embeddable":true,"href":"https:\/\/zoomproducciones.com.ar\/zoomp\/wp-json\/wp\/v2\/categories?post=4578"},{"taxonomy":"post_tag","embeddable":true,"href":"https:\/\/zoomproducciones.com.ar\/zoomp\/wp-json\/wp\/v2\/tags?post=4578"}],"curies":[{"name":"wp","href":"https:\/\/api.w.org\/{rel}","templated":true}]}}