{"id":4573,"date":"2023-04-04T09:21:14","date_gmt":"2023-04-04T12:21:14","guid":{"rendered":"http:\/\/zoomproducciones.com.ar\/zoomp\/?p=4573"},"modified":"2023-04-04T09:21:15","modified_gmt":"2023-04-04T12:21:15","slug":"hablo-corazza-tras-ser-liberado-la-pase-realmente-mal","status":"publish","type":"post","link":"https:\/\/zoomproducciones.com.ar\/zoomp\/hablo-corazza-tras-ser-liberado-la-pase-realmente-mal\/","title":{"rendered":"Habl\u00f3 Corazza tras ser liberado: \u00bbla pas\u00e9 realmente mal\u00bb"},"content":{"rendered":"\n<p>Este lunes fue liberado Marcelo Corazza pero qued\u00f3 procesado por el presunto abuso sexual de un menor, aunque sin prisi\u00f3n preventiva. Las autoridades tomaron la decisi\u00f3n de liberarlo tras semanas en prisi\u00f3n.<\/p>\n\n\n\n<p>El productor charl\u00f3 con la prensa mientras aguardaba a su familia en la salida. \u00ab<strong>La pas\u00e9 muy mal, soy inocente, est\u00e1 claro que soy inocente<\/strong>\u00ab.<\/p>\n\n\n\n<p>Lo cierto es que la investigaci\u00f3n sigue su curso. Los otros detenidos por la causa son<strong>\u00a0Francisco Angelotti<\/strong>,\u00a0<strong>Andr\u00e9s Charpenet<\/strong>\u00a0y\u00a0<strong>Ra\u00fal\u00a0Ignacio Mermet<\/strong>, con acusaciones por abuso sexual y explotaci\u00f3n infantil.<\/p>\n\n\n\n<p>Estas personas <strong>fueron procesados con prisi\u00f3n preventiva<\/strong>\u00a0por los delitos de asociaci\u00f3n il\u00edcita, trata de personas agravada por la cantidad de v\u00edctimas y que son menores de 18 a\u00f1os, as\u00ed como la situaci\u00f3n de vulnerabilidad que atravesaban; abuso sexual con acceso carnal y promoci\u00f3n de la pornograf\u00eda.<\/p>\n\n\n\n<p>Respecto a Corazza, la denuncia de un menor de ese entonces de 14 a\u00f1os, es que Angelotti le present\u00f3 a Corazza, y este en su veh\u00edculo\u00a0<strong>se desnud\u00f3<\/strong>\u00a0frente a aquel y se masturb\u00f3. Por eso, el delito de exhibiciones obscenas por la cual lo proces\u00f3 el juzgado.<\/p>\n\n\n\n<figure class=\"wp-block-image size-full\"><a href=\"http:\/\/zoomproducciones.com.ar\/zoomp\/wp-content\/uploads\/2023\/04\/image-3.png\"><img decoding=\"async\" src=\"http:\/\/zoomproducciones.com.ar\/zoomp\/wp-content\/uploads\/2023\/04\/image-3.png\" alt=\"\" class=\"wp-image-4574\"\/><\/a><\/figure>\n","protected":false},"excerpt":{"rendered":"<p>Este lunes fue liberado Marcelo Corazza pero qued\u00f3 procesado por el presunto abuso sexual de un menor, aunque sin prisi\u00f3n preventiva. Las autoridades tomaron la decisi\u00f3n de liberarlo tras semanas en prisi\u00f3n. El productor charl\u00f3 con la prensa mientras aguardaba a su familia en la salida. \u00abLa pas\u00e9 muy mal, soy inocente, est\u00e1 claro que [&hellip;]<\/p>\n","protected":false},"author":2,"featured_media":0,"comment_status":"closed","ping_status":"open","sticky":false,"template":"","format":"standard","meta":{"footnotes":""},"categories":[8],"tags":[118,42,122],"class_list":{"0":"post-4573","1":"post","2":"type-post","3":"status-publish","4":"format-standard","6":"category-nacionales","7":"tag-argentina","8":"tag-featured","9":"tag-policiales"},"_links":{"self":[{"href":"https:\/\/zoomproducciones.com.ar\/zoomp\/wp-json\/wp\/v2\/posts\/4573","targetHints":{"allow":["GET"]}}],"collection":[{"href":"https:\/\/zoomproducciones.com.ar\/zoomp\/wp-json\/wp\/v2\/posts"}],"about":[{"href":"https:\/\/zoomproducciones.com.ar\/zoomp\/wp-json\/wp\/v2\/types\/post"}],"author":[{"embeddable":true,"href":"https:\/\/zoomproducciones.com.ar\/zoomp\/wp-json\/wp\/v2\/users\/2"}],"replies":[{"embeddable":true,"href":"https:\/\/zoomproducciones.com.ar\/zoomp\/wp-json\/wp\/v2\/comments?post=4573"}],"version-history":[{"count":1,"href":"https:\/\/zoomproducciones.com.ar\/zoomp\/wp-json\/wp\/v2\/posts\/4573\/revisions"}],"predecessor-version":[{"id":4576,"href":"https:\/\/zoomproducciones.com.ar\/zoomp\/wp-json\/wp\/v2\/posts\/4573\/revisions\/4576"}],"wp:attachment":[{"href":"https:\/\/zoomproducciones.com.ar\/zoomp\/wp-json\/wp\/v2\/media?parent=4573"}],"wp:term":[{"taxonomy":"category","embeddable":true,"href":"https:\/\/zoomproducciones.com.ar\/zoomp\/wp-json\/wp\/v2\/categories?post=4573"},{"taxonomy":"post_tag","embeddable":true,"href":"https:\/\/zoomproducciones.com.ar\/zoomp\/wp-json\/wp\/v2\/tags?post=4573"}],"curies":[{"name":"wp","href":"https:\/\/api.w.org\/{rel}","templated":true}]}}