{"id":4565,"date":"2023-04-03T13:39:13","date_gmt":"2023-04-03T16:39:13","guid":{"rendered":"http:\/\/zoomproducciones.com.ar\/zoomp\/?p=4565"},"modified":"2023-04-03T13:39:13","modified_gmt":"2023-04-03T16:39:13","slug":"daniel-barrientos-un-colectivero-asesinado-a-un-mes-de-jubilarse","status":"publish","type":"post","link":"https:\/\/zoomproducciones.com.ar\/zoomp\/daniel-barrientos-un-colectivero-asesinado-a-un-mes-de-jubilarse\/","title":{"rendered":"Daniel Barrientos, un colectivero asesinado a un mes de jubilarse"},"content":{"rendered":"\n<p>Daniel Barrientos ten\u00eda 65 a\u00f1os y trabaj\u00f3 toda su vida de chofer de colectivos. A falta de no m\u00e1s de un mes para su jubilaci\u00f3n, <strong>fue asesinado por dos delincuentes que quer\u00edan robar a los pasajeros<\/strong>. Tras este hecho, la UTA decret\u00f3 un paro del servicio por 48 horas.<\/p>\n\n\n\n<p>Los compa\u00f1eros de la v\u00edctima manifestaron que era\u00a0<strong>un hombre \u00abejemplar\u00bb<\/strong>\u00a0y manifestaron su pesar a causa de terrible perdida.<\/p>\n\n\n\n<p>El asesinato ocurri\u00f3 en la <strong>madrugada del lunes en Virrey del Pino<\/strong> cuando dos delincuentes subieron a la unidad con la intenci\u00f3n de robar. A Barrientos lo mataron de un tiro en el pecho, sin mediar palabras.<img decoding=\"async\" src=\"https:\/\/media.infocielo.com\/p\/89122bf644f7c274af7987db57953e34\/adjuntos\/299\/imagenes\/001\/618\/0001618063\/887x0\/smart\/bbbjpg.jpg\"><\/p>\n\n\n\n<p>Por el hecho <strong>hay un detenido que qued\u00f3 a disposici\u00f3n del fiscal Gast\u00f3n Dupla\u00e1<\/strong>, de la Unidad Funcional de Instrucci\u00f3n (UFI) de Homicidios de La Matanza,<\/p>\n\n\n\n<p>A ra\u00edz del hecho, l<strong>os colectiveros de 86 L\u00edneas de la empresa Nuevo Ideal S.A. iniciaron un paro<\/strong> de servicio en reclamo de seguridad. <\/p>\n\n\n\n<p>\u00abLa muerte de nuestro compa\u00f1ero se suma a una cantidad de episodios de inseguridad que vienen afectando a los choferes, especialmente en todo el AMBA, por lo que <strong>la UTA dice basta y anticipa que las medidas se van profundizar en tanto las autoridades no garanticen las condiciones m\u00ednimas de seguridad<\/strong> en el trabajo de todo nuestro sector\u00bb indic\u00f3 la Uni\u00f3n Tranviarios Automotor. <\/p>\n","protected":false},"excerpt":{"rendered":"<p>Daniel Barrientos ten\u00eda 65 a\u00f1os y trabaj\u00f3 toda su vida de chofer de colectivos. A falta de no m\u00e1s de un mes para su jubilaci\u00f3n, fue asesinado por dos delincuentes que quer\u00edan robar a los pasajeros. Tras este hecho, la UTA decret\u00f3 un paro del servicio por 48 horas. Los compa\u00f1eros de la v\u00edctima manifestaron [&hellip;]<\/p>\n","protected":false},"author":2,"featured_media":0,"comment_status":"closed","ping_status":"open","sticky":false,"template":"","format":"standard","meta":{"footnotes":""},"categories":[414],"tags":[118,42,122],"class_list":{"0":"post-4565","1":"post","2":"type-post","3":"status-publish","4":"format-standard","6":"category-policiales-2","7":"tag-argentina","8":"tag-featured","9":"tag-policiales"},"_links":{"self":[{"href":"https:\/\/zoomproducciones.com.ar\/zoomp\/wp-json\/wp\/v2\/posts\/4565","targetHints":{"allow":["GET"]}}],"collection":[{"href":"https:\/\/zoomproducciones.com.ar\/zoomp\/wp-json\/wp\/v2\/posts"}],"about":[{"href":"https:\/\/zoomproducciones.com.ar\/zoomp\/wp-json\/wp\/v2\/types\/post"}],"author":[{"embeddable":true,"href":"https:\/\/zoomproducciones.com.ar\/zoomp\/wp-json\/wp\/v2\/users\/2"}],"replies":[{"embeddable":true,"href":"https:\/\/zoomproducciones.com.ar\/zoomp\/wp-json\/wp\/v2\/comments?post=4565"}],"version-history":[{"count":1,"href":"https:\/\/zoomproducciones.com.ar\/zoomp\/wp-json\/wp\/v2\/posts\/4565\/revisions"}],"predecessor-version":[{"id":4567,"href":"https:\/\/zoomproducciones.com.ar\/zoomp\/wp-json\/wp\/v2\/posts\/4565\/revisions\/4567"}],"wp:attachment":[{"href":"https:\/\/zoomproducciones.com.ar\/zoomp\/wp-json\/wp\/v2\/media?parent=4565"}],"wp:term":[{"taxonomy":"category","embeddable":true,"href":"https:\/\/zoomproducciones.com.ar\/zoomp\/wp-json\/wp\/v2\/categories?post=4565"},{"taxonomy":"post_tag","embeddable":true,"href":"https:\/\/zoomproducciones.com.ar\/zoomp\/wp-json\/wp\/v2\/tags?post=4565"}],"curies":[{"name":"wp","href":"https:\/\/api.w.org\/{rel}","templated":true}]}}