{"id":4545,"date":"2023-04-03T09:27:14","date_gmt":"2023-04-03T12:27:14","guid":{"rendered":"http:\/\/zoomproducciones.com.ar\/zoomp\/?p=4545"},"modified":"2023-04-03T09:28:06","modified_gmt":"2023-04-03T12:28:06","slug":"21-anos-del-secuestro-y-desaparicion-de-marita-veron","status":"publish","type":"post","link":"https:\/\/zoomproducciones.com.ar\/zoomp\/21-anos-del-secuestro-y-desaparicion-de-marita-veron\/","title":{"rendered":"21 a\u00f1os del secuestro y desaparici\u00f3n de Marita Ver\u00f3n"},"content":{"rendered":"\n<p>Marita Ver\u00f3n ten\u00eda 22 a\u00f1os cuando fue raptada desde un autom\u00f3vil el 3 de abril de 2002 en la ciudad de San Miguel de Tucum\u00e1n en manos de una red de trata de personas con fines de explotaci\u00f3n sexual. <\/p>\n\n\n\n<p>La fundaci\u00f3n Mar\u00eda de los \u00c1ngeles inici\u00f3 un movimiento para recordar la lucha. #21A\u00f1osSinMarita es la consigna para difundir y capacitar respecto a la trata de personas.<\/p>\n\n\n\n<figure class=\"wp-block-embed is-type-rich is-provider-twitter wp-block-embed-twitter\"><div class=\"wp-block-embed__wrapper\">\n<blockquote class=\"twitter-tweet\" data-width=\"550\" data-dnt=\"true\"><p lang=\"es\" dir=\"ltr\">\ud83d\udcc5Por conmemorarse el d\u00eda de la desaparici\u00f3n y secuestro de Mar\u00eda de los \u00c1ngeles &quot;Marita&quot; Ver\u00f3n, un 3 de abril del a\u00f1o 2002, y habi\u00e9ndose cumplido 21 a\u00f1os sin ella, te invitamos a participar de una jornada de actividades abiertas. <a href=\"https:\/\/t.co\/2pS52pOKCZ\">pic.twitter.com\/2pS52pOKCZ<\/a><\/p>&mdash; Fundaci\u00f3n Mar\u00eda de los \u00c1ngeles (@fundacionmdla) <a href=\"https:\/\/twitter.com\/fundacionmdla\/status\/1642659265071439874?ref_src=twsrc%5Etfw\">April 2, 2023<\/a><\/blockquote><script async src=\"https:\/\/platform.twitter.com\/widgets.js\" charset=\"utf-8\"><\/script>\n<\/div><figcaption class=\"wp-element-caption\">Susana Trimarco, madre de la joven, preside la fundaci\u00f3n desde el 2007 y a\u00fan contin\u00faa luchando por el caso de su hija. <br><br>Las investigaciones que encar\u00f3 sola Trimarco, desde 2002, permitieron a la Justicia arribar a la conclusi\u00f3n de que Marita hab\u00eda sido captada por una red de trata de personas que operaba en La Rioja para ser explotada sexualmente. <\/figcaption><\/figure>\n\n\n\n<p>Gracias a su accionar, el caso de Marita lleg\u00f3 a la Corte Interamericana de Derechos Humanos (CIDH), convirti\u00e9ndose en una causa internacional, y la madre de la joven desaparecida obtuvo reconocimientos mundiales. <\/p>\n\n\n\n<h2 class=\"wp-block-heading\">Hecho:<\/h2>\n\n\n\n<p>El<strong> 3 de abril de 2002 Mar\u00eda de los \u00c1ngeles \u00abMarita\u00bb Ver\u00f3n fue secuestrada en la ciudad de San Miguel de Tucum\u00e1n<\/strong>. Ten\u00eda 22 a\u00f1os y una hija de 2 que ahora tiene 22. <strong>Estaba yendo a una consulta m\u00e9dica cuando la subieron por la fuerza a un auto y se la llevaron<\/strong>. Susana Trimarco, su mam\u00e1, la busca incansablemente desde ese d\u00eda. <\/p>\n\n\n\n<p>Trimarco denunci\u00f3 la desaparici\u00f3n de su hija ese mismo 3 de abril. Primero fue a buscarla con su marido a la Maternidad, donde supuestamente deb\u00eda hacerse unos estudios m\u00e9dicos para ponerse un DIU, pero enseguida descubri\u00f3 que hab\u00eda sido enga\u00f1ada: <strong>el supuesto jefe de personal que la hab\u00eda citado era en realidad uno de los empleados de limpieza.<\/strong><\/p>\n\n\n\n<p>Tres d\u00edas despu\u00e9s Marita fue vista a unos 30 kil\u00f3metros de su casa, tambaleante, como si la hubiesen drogado. Llevaba unos tacos altos que ella no sol\u00eda usar. Tiempo despu\u00e9s llegar\u00eda la confirmaci\u00f3n:<strong> hab\u00eda ca\u00eddo en manos de una red de prostituci\u00f3n.<\/strong><\/p>\n\n\n\n<p>Seg\u00fan los diferentes testimonios recabados en los primeros a\u00f1os de la investigaci\u00f3n, <strong>\u00abMarita\u00bb pas\u00f3 por varios prost\u00edbulos de la provincia de La Rioja y posiblemente de C\u00f3rdoba<\/strong> sin poder escapar de sus captores o contactarse con su familia.<\/p>\n\n\n\n<p>El expediente judicial abierto tras la desaparici\u00f3n de Marita&nbsp;<strong>convirti\u00f3 el caso en un emblema de la lucha contra la prostituci\u00f3n y la esclavitud sexual<\/strong>: m\u00e1s de veinte mujeres fueron rescatadas en condiciones inimaginables.<\/p>\n\n\n\n<p>Marita a\u00fan sigue desaparecida.<\/p>\n\n\n\n<p>T\u00e9lam y Perfil.<\/p>\n","protected":false},"excerpt":{"rendered":"<p>Marita Ver\u00f3n ten\u00eda 22 a\u00f1os cuando fue raptada desde un autom\u00f3vil el 3 de abril de 2002 en la ciudad de San Miguel de Tucum\u00e1n en manos de una red de trata de personas con fines de explotaci\u00f3n sexual. La fundaci\u00f3n Mar\u00eda de los \u00c1ngeles inici\u00f3 un movimiento para recordar la lucha. #21A\u00f1osSinMarita es la [&hellip;]<\/p>\n","protected":false},"author":2,"featured_media":0,"comment_status":"closed","ping_status":"open","sticky":false,"template":"","format":"standard","meta":{"footnotes":""},"categories":[5,8],"tags":[42,122],"class_list":{"0":"post-4545","1":"post","2":"type-post","3":"status-publish","4":"format-standard","6":"category-locales","7":"category-nacionales","8":"tag-featured","9":"tag-policiales"},"_links":{"self":[{"href":"https:\/\/zoomproducciones.com.ar\/zoomp\/wp-json\/wp\/v2\/posts\/4545","targetHints":{"allow":["GET"]}}],"collection":[{"href":"https:\/\/zoomproducciones.com.ar\/zoomp\/wp-json\/wp\/v2\/posts"}],"about":[{"href":"https:\/\/zoomproducciones.com.ar\/zoomp\/wp-json\/wp\/v2\/types\/post"}],"author":[{"embeddable":true,"href":"https:\/\/zoomproducciones.com.ar\/zoomp\/wp-json\/wp\/v2\/users\/2"}],"replies":[{"embeddable":true,"href":"https:\/\/zoomproducciones.com.ar\/zoomp\/wp-json\/wp\/v2\/comments?post=4545"}],"version-history":[{"count":2,"href":"https:\/\/zoomproducciones.com.ar\/zoomp\/wp-json\/wp\/v2\/posts\/4545\/revisions"}],"predecessor-version":[{"id":4549,"href":"https:\/\/zoomproducciones.com.ar\/zoomp\/wp-json\/wp\/v2\/posts\/4545\/revisions\/4549"}],"wp:attachment":[{"href":"https:\/\/zoomproducciones.com.ar\/zoomp\/wp-json\/wp\/v2\/media?parent=4545"}],"wp:term":[{"taxonomy":"category","embeddable":true,"href":"https:\/\/zoomproducciones.com.ar\/zoomp\/wp-json\/wp\/v2\/categories?post=4545"},{"taxonomy":"post_tag","embeddable":true,"href":"https:\/\/zoomproducciones.com.ar\/zoomp\/wp-json\/wp\/v2\/tags?post=4545"}],"curies":[{"name":"wp","href":"https:\/\/api.w.org\/{rel}","templated":true}]}}