{"id":4542,"date":"2023-04-03T09:04:48","date_gmt":"2023-04-03T12:04:48","guid":{"rendered":"http:\/\/zoomproducciones.com.ar\/zoomp\/?p=4542"},"modified":"2023-04-03T09:04:48","modified_gmt":"2023-04-03T12:04:48","slug":"fernandez-quiero-que-gane-el-frente-de-todos-conmigo-o-con-otro-a","status":"publish","type":"post","link":"https:\/\/zoomproducciones.com.ar\/zoomp\/fernandez-quiero-que-gane-el-frente-de-todos-conmigo-o-con-otro-a\/","title":{"rendered":"Fern\u00e1ndez: \u00bbquiero que gane el Frente de Todos, conmigo o con otro\/a\u00bb"},"content":{"rendered":"\n<p>Alberto Fern\u00e1ndez particip\u00f3 de una entrevista en el canal de YouTube \u00bbEl M\u00e9todo\u00bb del periodista Tom\u00e1s Rebord. En el programa, el mandatario charl\u00f3 sobre su reuni\u00f3n con Joe Biden y opin\u00f3 acerca de las elecciones 2023.<\/p>\n\n\n\n<h2 class=\"wp-block-heading\">Cruce a la oposici\u00f3n<\/h2>\n\n\n\n<p>Acerca de la posibilidad de que haya m\u00e1s de un pre candidato desde el Frente de Todos para las elecciones, Alberto Fern\u00e1ndez expres\u00f3: <strong>\u00abEs lo mejor que nos puede pasar. Que mejor que podr\u00eda pasar que ver a toda nuestra militancia movilizada\u00bb<\/strong>.<\/p>\n\n\n\n<p>\u00ab<strong>Mi enemigo no est\u00e1 en el Frente de Todos, est\u00e1 en la derecha recalcitrante, representada en Juntos por el Cambio.<\/strong>\u00a0Mi objetivo es que estos tipos no vuelvan al poder, porque con total descaro dicen que quieren eliminar las vacaciones, las indemnizaciones y que hay que armar a la gente para combatir la delincuencia\u00bb,coment\u00f3.<\/p>\n\n\n\n<p>\u00ab<strong>Lo que quiero es que gane el Frente de Todos. Puedo ser yo u otro, u otra.<\/strong>\u00a0Quiero que la Argentina siga una senda de crecimiento y ponerle la cuota de justicia social que haga falta\u00bb, destac\u00f3.<\/p>\n\n\n\n<h2 class=\"wp-block-heading\">Econom\u00eda<\/h2>\n\n\n\n<p>\u00bbNo se puede pensar un pa\u00eds en default con el FMI\u00bb coment\u00f3 Alberto. <strong>\u00abSi les preocupa las cosas que le deparan a la Argentina escuchen lo que dicen nuestros adversarios\u00bb.<\/strong><\/p>\n\n\n\n<p>El presidente expres\u00f3 que si \u00abhay un abaratamiento del trabajo no es culpa m\u00eda. <strong>Macri hizo caer el salario real en un 20 por ciento<\/strong>\u00ab.<\/p>\n\n\n\n<p>Alberto se llen\u00f3 de elogios para con Sergio Massa y record\u00f3 al ex ministro Guzm\u00e1n. <strong>\u00abLas dificultades que vivimos no son atribuibles a Sergio\u00bb<\/strong>, indic\u00f3 el Presidente. \u00abHizo mucho da\u00f1o la forma en que se fue (Guzm\u00e1n). Habr\u00eda que preguntarle a \u00e9l como lo hizo\u00bb.<\/p>\n\n\n\n<h2 class=\"wp-block-heading\">Biden ve similitudes entre Macri y Trump<\/h2>\n\n\n\n<p>\u00ab<strong>Biden tiene muy claras las similitudes entre Macri y Trump.<\/strong>&nbsp;Entiende el v\u00ednculo que tuvieron y tienen, y que la deuda que tiene la Argentina se la dio Trump para salvar pol\u00edticamente a su amigo Macri\u00bb, sostuvo el presidente.<\/p>\n\n\n\n<p><strong>Fern\u00e1ndez<\/strong>\u00a0defini\u00f3 a <strong>Biden<\/strong> como una persona que\u00a0<strong>\u00abtransmite tranquilidad y afecto\u00bb<\/strong>, y tambi\u00e9n la oportunidad de haber conversado \u00abuna hora y media\u00bb con los equipos de gobierno de la Argentina y los Estados Unidos.\u00a0<strong>\u00abPudimos transmitir lo que necesitamos de los Estados Unidos\u00bb<\/strong>, destac\u00f3 el Presidente.<\/p>\n","protected":false},"excerpt":{"rendered":"<p>Alberto Fern\u00e1ndez particip\u00f3 de una entrevista en el canal de YouTube \u00bbEl M\u00e9todo\u00bb del periodista Tom\u00e1s Rebord. En el programa, el mandatario charl\u00f3 sobre su reuni\u00f3n con Joe Biden y opin\u00f3 acerca de las elecciones 2023. Cruce a la oposici\u00f3n Acerca de la posibilidad de que haya m\u00e1s de un pre candidato desde el Frente [&hellip;]<\/p>\n","protected":false},"author":2,"featured_media":0,"comment_status":"closed","ping_status":"open","sticky":false,"template":"","format":"standard","meta":{"footnotes":""},"categories":[8],"tags":[128,42,117,153],"class_list":{"0":"post-4542","1":"post","2":"type-post","3":"status-publish","4":"format-standard","6":"category-nacionales","7":"tag-alberto-fernandez","8":"tag-featured","9":"tag-gobierno-nacional","10":"tag-mauricio-macri"},"_links":{"self":[{"href":"https:\/\/zoomproducciones.com.ar\/zoomp\/wp-json\/wp\/v2\/posts\/4542","targetHints":{"allow":["GET"]}}],"collection":[{"href":"https:\/\/zoomproducciones.com.ar\/zoomp\/wp-json\/wp\/v2\/posts"}],"about":[{"href":"https:\/\/zoomproducciones.com.ar\/zoomp\/wp-json\/wp\/v2\/types\/post"}],"author":[{"embeddable":true,"href":"https:\/\/zoomproducciones.com.ar\/zoomp\/wp-json\/wp\/v2\/users\/2"}],"replies":[{"embeddable":true,"href":"https:\/\/zoomproducciones.com.ar\/zoomp\/wp-json\/wp\/v2\/comments?post=4542"}],"version-history":[{"count":1,"href":"https:\/\/zoomproducciones.com.ar\/zoomp\/wp-json\/wp\/v2\/posts\/4542\/revisions"}],"predecessor-version":[{"id":4544,"href":"https:\/\/zoomproducciones.com.ar\/zoomp\/wp-json\/wp\/v2\/posts\/4542\/revisions\/4544"}],"wp:attachment":[{"href":"https:\/\/zoomproducciones.com.ar\/zoomp\/wp-json\/wp\/v2\/media?parent=4542"}],"wp:term":[{"taxonomy":"category","embeddable":true,"href":"https:\/\/zoomproducciones.com.ar\/zoomp\/wp-json\/wp\/v2\/categories?post=4542"},{"taxonomy":"post_tag","embeddable":true,"href":"https:\/\/zoomproducciones.com.ar\/zoomp\/wp-json\/wp\/v2\/tags?post=4542"}],"curies":[{"name":"wp","href":"https:\/\/api.w.org\/{rel}","templated":true}]}}