{"id":4533,"date":"2023-04-02T16:28:21","date_gmt":"2023-04-02T19:28:21","guid":{"rendered":"http:\/\/zoomproducciones.com.ar\/zoomp\/?p=4533"},"modified":"2023-04-02T18:53:51","modified_gmt":"2023-04-02T21:53:51","slug":"desde-las-sombas-cap-1-se-puede-convivir-con-presencias-sobrenaturales","status":"publish","type":"post","link":"https:\/\/zoomproducciones.com.ar\/zoomp\/desde-las-sombas-cap-1-se-puede-convivir-con-presencias-sobrenaturales\/","title":{"rendered":"Desde las Sombas &#8211; Cap\u00edtulo 1: \u00bfSe puede convivir con presencias sobrenaturales?"},"content":{"rendered":"\n<p>El viernes pasado se estren\u00f3 el primer cap\u00edtulo del nuevo programa de Zoom Producciones: \u00bbDesde las Sombras\u00bb. Con Jos\u00e9 Luis Ang\u00e9lico en Direcci\u00f3n y Milena Avdeichuk en Conducci\u00f3n, te traemos una nueva propuesta en la ciudad.<\/p>\n\n\n\n<p>El primer Cap\u00edtulo llamado \u00bb\u00bfSe puede convivir con presencias sobrenaturales?\u00bb cuenta la historia de Facundo Acu\u00f1a, qui\u00e9n convive con dos entes del m\u00e1s all\u00e1 en su hogar. <\/p>\n\n\n\n<figure class=\"wp-block-embed is-type-video is-provider-youtube wp-block-embed-youtube wp-embed-aspect-16-9 wp-has-aspect-ratio\"><div class=\"wp-block-embed__wrapper\">\n<iframe loading=\"lazy\"  id=\"_ytid_37429\"  width=\"1000\" height=\"562\"  data-origwidth=\"1000\" data-origheight=\"562\" src=\"https:\/\/www.youtube.com\/embed\/yYVviIdpapI?enablejsapi=1&#038;autoplay=0&#038;cc_load_policy=0&#038;cc_lang_pref=&#038;iv_load_policy=1&#038;loop=0&#038;rel=1&#038;fs=1&#038;playsinline=0&#038;autohide=2&#038;theme=dark&#038;color=red&#038;controls=1&#038;disablekb=0&#038;\" class=\"__youtube_prefs__  epyt-is-override  no-lazyload\" title=\"YouTube player\"  allow=\"fullscreen; accelerometer; autoplay; clipboard-write; encrypted-media; gyroscope; picture-in-picture; web-share\" referrerpolicy=\"strict-origin-when-cross-origin\" allowfullscreen data-no-lazy=\"1\" data-skipgform_ajax_framebjll=\"\"><\/iframe>\n<\/div><\/figure>\n\n\n\n<h2 class=\"wp-block-heading\">\u00bbDo\u00f1a Isabel\u00bb <\/h2>\n\n\n\n<p>Facundo narra la historia de <strong>\u00bbDo\u00f1a Isabel&#8217;<\/strong>&#8216;, un espectro que transita por los pasillos de su hogar desde hace varios a\u00f1os. Esta mujer, de edad adulta, ser\u00eda \u00bbla bisabuela del due\u00f1o de la casa de al lado\u00bb y su espiritu diambula a\u00fan por el terreno.<\/p>\n\n\n\n<p>Facundo comenta que su casa y la casa del vecino, hace varios a\u00f1os, era un mismo terreno. <\/p>\n\n\n\n<p>Con su caracter\u00edstico delantal y su &#8216;rodete&#8217; ,Isabel hace siempre el mismo recorrido: transita el pasillo que conecta las tres habitaciones y el ba\u00f1o del hogar de Facundo. <strong>\u00bbLa primera vez que me pas\u00f3, yo estaba en el ba\u00f1o y la veo que pasa, yo ten\u00eda 7 a\u00f1os, y me mor\u00ed del miedo\u00bb. <\/strong><\/p>\n\n\n\n<p><strong>\u00bbLa ves como una foto en blanco y negro que se hace presente\u00bb<\/strong> expres\u00f3 nuestro testigo.<\/p>\n\n\n\n<p>Do\u00f1a Isabel falleci\u00f3 en la d\u00e9cada de los 70, en Rosario. La familia perdi\u00f3 contacto con ella cuando se muda hacia la provincia de Santa Fe. <strong>Su espiritu qued\u00f3 estancado en Paso de los Libres.<\/strong><\/p>\n\n\n\n<h2 class=\"wp-block-heading\">\u00bbEl otro\u00bb<\/h2>\n\n\n\n<p>En los a\u00f1os <strong>1890-1900<\/strong>, el hogar de Facundo fue un <strong>reconocido hotel de la ciudad<\/strong>; su due\u00f1o era el Doctor Chapano. Las habitaciones est\u00e1n divididas, a\u00fan, como habitaciones de Hotel. &#8216;<strong>&#8216;Sabemos que en m\u00ed casa, en mi cuarto, falleci\u00f3 una persona, un hombre&#8217;<\/strong>&#8216; comenta nuestro testigo. \u00bb\u00c9l es un poco m\u00e1s violento&#8230;\u00bb.<\/p>\n\n\n\n<p><strong>\u00bb\u00c9l aparece en las sombras, en los espejos\u00bb<\/strong> relata Facundo. \u00bb\u00c9l est\u00e1 muy localizado en donde es m\u00ed habitaci\u00f3n.<\/p>\n\n\n\n<p><strong>\u00bbEl otro\u00bb <\/strong>se trataba de un m\u00e9dico reconocido de la zona, seg\u00fan relata nuestro testigo, que llegaba siempre a Paso de los Libres y falleci\u00f3 de una sobredosis de morfina en el cuarto de hotel. <\/p>\n\n\n\n<p>Otra testigo, tras la publicaci\u00f3n del primer cap\u00edtulo, se contact\u00f3 con Zoom Producciones y nos coment\u00f3 lo siguiente:<\/p>\n\n\n\n<p>\u00bbMi mam\u00e1 me comentaba que <strong>hab\u00eda un m\u00e9dico que llegaba a la ciudad y era morfinomano<\/strong>. \u00c9l se iba a Uruguayana en bote para atender\u00bb. En cuanto a apariencia, seg\u00fan la declarante, <strong>\u00bbera parecido a Beetovhen\u00bb.<\/strong> \u00bbYo vi su foto en el cementerio&#8230; yo cuando era chica pasaba por all\u00ed y \u00e9l estaba en una bobeda de marmol negra\u00bb expres\u00f3. <\/p>\n\n\n\n<p>Seg\u00fan Facundo, este espectro tiene una presencia m\u00e1s fuerte e intimidamente que Do\u00f1a Isabel. Varios fueron los episodios en donde  \u00bbel otro\u00bb ha atacado a la familia. Desde silbidos, sensaciones f\u00edsicas, hasta tirar todo un estante de libros. <\/p>\n\n\n\n<p>Hasta hoy en d\u00eda, la familia de Facundo convive con estas presencias paranormales. <\/p>\n","protected":false},"excerpt":{"rendered":"<p>El viernes pasado se estren\u00f3 el primer cap\u00edtulo del nuevo programa de Zoom Producciones: \u00bbDesde las Sombras\u00bb. Con Jos\u00e9 Luis Ang\u00e9lico en Direcci\u00f3n y Milena Avdeichuk en Conducci\u00f3n, te traemos una nueva propuesta en la ciudad. El primer Cap\u00edtulo llamado \u00bb\u00bfSe puede convivir con presencias sobrenaturales?\u00bb cuenta la historia de Facundo Acu\u00f1a, qui\u00e9n convive con [&hellip;]<\/p>\n","protected":false},"author":2,"featured_media":0,"comment_status":"closed","ping_status":"open","sticky":false,"template":"","format":"video","meta":{"footnotes":""},"categories":[5],"tags":[42,116],"class_list":{"0":"post-4533","1":"post","2":"type-post","3":"status-publish","4":"format-video","6":"category-locales","7":"tag-featured","8":"tag-paso-de-los-libres","9":"post_format-post-format-video"},"_links":{"self":[{"href":"https:\/\/zoomproducciones.com.ar\/zoomp\/wp-json\/wp\/v2\/posts\/4533","targetHints":{"allow":["GET"]}}],"collection":[{"href":"https:\/\/zoomproducciones.com.ar\/zoomp\/wp-json\/wp\/v2\/posts"}],"about":[{"href":"https:\/\/zoomproducciones.com.ar\/zoomp\/wp-json\/wp\/v2\/types\/post"}],"author":[{"embeddable":true,"href":"https:\/\/zoomproducciones.com.ar\/zoomp\/wp-json\/wp\/v2\/users\/2"}],"replies":[{"embeddable":true,"href":"https:\/\/zoomproducciones.com.ar\/zoomp\/wp-json\/wp\/v2\/comments?post=4533"}],"version-history":[{"count":4,"href":"https:\/\/zoomproducciones.com.ar\/zoomp\/wp-json\/wp\/v2\/posts\/4533\/revisions"}],"predecessor-version":[{"id":4541,"href":"https:\/\/zoomproducciones.com.ar\/zoomp\/wp-json\/wp\/v2\/posts\/4533\/revisions\/4541"}],"wp:attachment":[{"href":"https:\/\/zoomproducciones.com.ar\/zoomp\/wp-json\/wp\/v2\/media?parent=4533"}],"wp:term":[{"taxonomy":"category","embeddable":true,"href":"https:\/\/zoomproducciones.com.ar\/zoomp\/wp-json\/wp\/v2\/categories?post=4533"},{"taxonomy":"post_tag","embeddable":true,"href":"https:\/\/zoomproducciones.com.ar\/zoomp\/wp-json\/wp\/v2\/tags?post=4533"}],"curies":[{"name":"wp","href":"https:\/\/api.w.org\/{rel}","templated":true}]}}