{"id":453,"date":"2022-08-18T11:07:00","date_gmt":"2022-08-18T14:07:00","guid":{"rendered":"http:\/\/zoomproducciones.com.ar\/zoomp\/?p=453"},"modified":"2022-08-18T11:07:02","modified_gmt":"2022-08-18T14:07:02","slug":"carnaval-2023-el-grupo-popular-firmara-el-sabado-los-convenios","status":"publish","type":"post","link":"https:\/\/zoomproducciones.com.ar\/zoomp\/carnaval-2023-el-grupo-popular-firmara-el-sabado-los-convenios\/","title":{"rendered":"Carnaval 2023: el Grupo Popular firmar\u00e1 el s\u00e1bado los convenios"},"content":{"rendered":"\n<p>Este s\u00e1bado 20 de agosto se realizar\u00e1 la firma de convenios del Grupo Popular de cara al Carnaval de la Frontera 2023. El encuentro ser\u00e1 en sala Escaparate, a las 19 horas, y contar\u00e1 con un show de la banda de pagode libre\u00f1a: Climatizar.<\/p>\n\n\n\n<p>A cinco meses de la nueva edici\u00f3n del Carnaval libre\u00f1o, la Direcci\u00f3n de Carnaval confirma que este s\u00e1bado se firmar\u00e1n los convenios con el Grupo Popular.<\/p>\n\n\n\n<p>La firma ser\u00e1 a las 19 horas en sala Escaparate, Coronel Reguera 1475. Adem\u00e1s, a las 22:30 habr\u00e1 un show de la banda de pagode, Climatizar .<\/p>\n\n\n\n<p>Las entradas costar\u00e1n $400 y podr\u00e1n reservarse al tel\u00e9fono 3772-694490 o en Coronel Reguera 1474. Lo recaudado ser\u00e1 destinado a las comparsas que forman parte del Carnaval Popular<\/p>\n","protected":false},"excerpt":{"rendered":"<p>Este s\u00e1bado 20 de agosto se realizar\u00e1 la firma de convenios del Grupo Popular de cara al Carnaval de la Frontera 2023. El encuentro ser\u00e1 en sala Escaparate, a las 19 horas, y contar\u00e1 con un show de la banda de pagode libre\u00f1a: Climatizar. A cinco meses de la nueva edici\u00f3n del Carnaval libre\u00f1o, la [&hellip;]<\/p>\n","protected":false},"author":4,"featured_media":0,"comment_status":"closed","ping_status":"open","sticky":false,"template":"","format":"standard","meta":{"footnotes":""},"categories":[6,5],"tags":[140,42,116],"class_list":{"0":"post-453","1":"post","2":"type-post","3":"status-publish","4":"format-standard","6":"category-infogral","7":"category-locales","8":"tag-carnaval-2023","9":"tag-featured","10":"tag-paso-de-los-libres"},"_links":{"self":[{"href":"https:\/\/zoomproducciones.com.ar\/zoomp\/wp-json\/wp\/v2\/posts\/453","targetHints":{"allow":["GET"]}}],"collection":[{"href":"https:\/\/zoomproducciones.com.ar\/zoomp\/wp-json\/wp\/v2\/posts"}],"about":[{"href":"https:\/\/zoomproducciones.com.ar\/zoomp\/wp-json\/wp\/v2\/types\/post"}],"author":[{"embeddable":true,"href":"https:\/\/zoomproducciones.com.ar\/zoomp\/wp-json\/wp\/v2\/users\/4"}],"replies":[{"embeddable":true,"href":"https:\/\/zoomproducciones.com.ar\/zoomp\/wp-json\/wp\/v2\/comments?post=453"}],"version-history":[{"count":1,"href":"https:\/\/zoomproducciones.com.ar\/zoomp\/wp-json\/wp\/v2\/posts\/453\/revisions"}],"predecessor-version":[{"id":455,"href":"https:\/\/zoomproducciones.com.ar\/zoomp\/wp-json\/wp\/v2\/posts\/453\/revisions\/455"}],"wp:attachment":[{"href":"https:\/\/zoomproducciones.com.ar\/zoomp\/wp-json\/wp\/v2\/media?parent=453"}],"wp:term":[{"taxonomy":"category","embeddable":true,"href":"https:\/\/zoomproducciones.com.ar\/zoomp\/wp-json\/wp\/v2\/categories?post=453"},{"taxonomy":"post_tag","embeddable":true,"href":"https:\/\/zoomproducciones.com.ar\/zoomp\/wp-json\/wp\/v2\/tags?post=453"}],"curies":[{"name":"wp","href":"https:\/\/api.w.org\/{rel}","templated":true}]}}