{"id":4031,"date":"2023-03-14T09:41:57","date_gmt":"2023-03-14T12:41:57","guid":{"rendered":"http:\/\/zoomproducciones.com.ar\/zoomp\/?p=4031"},"modified":"2023-03-14T09:46:00","modified_gmt":"2023-03-14T12:46:00","slug":"comienza-la-audiencia-publica-para-regular-el-valor-del-boleto-de-pasajeros","status":"publish","type":"post","link":"https:\/\/zoomproducciones.com.ar\/zoomp\/comienza-la-audiencia-publica-para-regular-el-valor-del-boleto-de-pasajeros\/","title":{"rendered":"Comienza la Audiencia P\u00fablica para regular el valor del boleto de pasajeros"},"content":{"rendered":"\n<p>Este martes se realiza la Audiencia P\u00fablica para regular el valor del Boleto del Transporte Urbano de Pasajeros. La misma tendr\u00e1 lugar en el Sal\u00f3n de Actos del Municipio -Madariaga 737- a las 11 hs. Podr\u00e1n participar aquellos que hayan completado el formulario de inscripci\u00f3n disponible hasta el 10 de marzo.<\/p>\n\n\n\n<p>Mediante la Resoluci\u00f3n 035\/2023 se convoc\u00f3 a una Audiencia por Regulaci\u00f3n del Valor del Boleto del Transporte Urbano de Pasajeros. Seg\u00fan lo que indica el comunicado, el <strong>objetivo<\/strong> de la audiencia es&nbsp;<strong>\u00bbexpresar opini\u00f3n respecto de la solicitud de aumento del boleto de transporte urbano de pasajeros\u00bb.<\/strong><\/p>\n\n\n\n<p>La misma comenzar\u00e1 a las 11 hs en el <strong>Sal\u00f3n de Actos del Palacio Municipal<\/strong>&nbsp;(Madariaga 737).<\/p>\n\n\n\n<p>La empresa TIG <strong>insiste en la suba del valor del boleto<\/strong> en base a los \u00edndices actualizados del Coeficiente de Variaci\u00f3n Salarial, de Productor Nacionales Manufacturados (IPIM) y el costo vigente del Gas Oil.<\/p>\n\n\n\n<p>Como requisito de participaci\u00f3n se requiri\u00f3 completar un formulario de inscripci\u00f3n disponible en&nbsp;<strong>Mesa de Entradas y Salidas de la Municipalidad<\/strong>, el cual estuvo disponible hasta el d\u00eda&nbsp;<strong>10 de marzo de 2023, a las 12 hs.<\/strong><\/p>\n","protected":false},"excerpt":{"rendered":"<p>Este martes se realiza la Audiencia P\u00fablica para regular el valor del Boleto del Transporte Urbano de Pasajeros. La misma tendr\u00e1 lugar en el Sal\u00f3n de Actos del Municipio -Madariaga 737- a las 11 hs. Podr\u00e1n participar aquellos que hayan completado el formulario de inscripci\u00f3n disponible hasta el 10 de marzo. Mediante la Resoluci\u00f3n 035\/2023 [&hellip;]<\/p>\n","protected":false},"author":2,"featured_media":0,"comment_status":"closed","ping_status":"open","sticky":false,"template":"","format":"standard","meta":{"footnotes":""},"categories":[5],"tags":[42,116,124],"class_list":{"0":"post-4031","1":"post","2":"type-post","3":"status-publish","4":"format-standard","6":"category-locales","7":"tag-featured","8":"tag-paso-de-los-libres","9":"tag-tig"},"_links":{"self":[{"href":"https:\/\/zoomproducciones.com.ar\/zoomp\/wp-json\/wp\/v2\/posts\/4031","targetHints":{"allow":["GET"]}}],"collection":[{"href":"https:\/\/zoomproducciones.com.ar\/zoomp\/wp-json\/wp\/v2\/posts"}],"about":[{"href":"https:\/\/zoomproducciones.com.ar\/zoomp\/wp-json\/wp\/v2\/types\/post"}],"author":[{"embeddable":true,"href":"https:\/\/zoomproducciones.com.ar\/zoomp\/wp-json\/wp\/v2\/users\/2"}],"replies":[{"embeddable":true,"href":"https:\/\/zoomproducciones.com.ar\/zoomp\/wp-json\/wp\/v2\/comments?post=4031"}],"version-history":[{"count":2,"href":"https:\/\/zoomproducciones.com.ar\/zoomp\/wp-json\/wp\/v2\/posts\/4031\/revisions"}],"predecessor-version":[{"id":4033,"href":"https:\/\/zoomproducciones.com.ar\/zoomp\/wp-json\/wp\/v2\/posts\/4031\/revisions\/4033"}],"wp:attachment":[{"href":"https:\/\/zoomproducciones.com.ar\/zoomp\/wp-json\/wp\/v2\/media?parent=4031"}],"wp:term":[{"taxonomy":"category","embeddable":true,"href":"https:\/\/zoomproducciones.com.ar\/zoomp\/wp-json\/wp\/v2\/categories?post=4031"},{"taxonomy":"post_tag","embeddable":true,"href":"https:\/\/zoomproducciones.com.ar\/zoomp\/wp-json\/wp\/v2\/tags?post=4031"}],"curies":[{"name":"wp","href":"https:\/\/api.w.org\/{rel}","templated":true}]}}