{"id":4028,"date":"2023-03-14T09:24:47","date_gmt":"2023-03-14T12:24:47","guid":{"rendered":"http:\/\/zoomproducciones.com.ar\/zoomp\/?p=4028"},"modified":"2023-03-14T09:31:03","modified_gmt":"2023-03-14T12:31:03","slug":"plus-de-refuerzo-conoce-el-cronograma-de-pago","status":"publish","type":"post","link":"https:\/\/zoomproducciones.com.ar\/zoomp\/plus-de-refuerzo-conoce-el-cronograma-de-pago\/","title":{"rendered":"Plus de refuerzo: conoc\u00e9 el cronograma de pago"},"content":{"rendered":"\n<p>Gustavo Vald\u00e9s public\u00f3 el cronograma de pago para el plus de refuerzo del mes de marzo para trabajadores provinciales activos y jubilados. El mismo se pagar\u00e1 por terminaci\u00f3n de DNI comenzando este jueves 16. En cajeros el pago estar\u00e1 habilitado desde el s\u00e1bado 18.<\/p>\n\n\n\n<p>El plus de refuerzo, que se pagar\u00e1 con aumento, podr\u00e1 abonarse a partir de este jueves 16 de marzo. Esto lo confirm\u00f3 el gobernador tras la publicaci\u00f3n del cronograma:<\/p>\n\n\n\n<p>\u2022 Jueves 16: 0 y 1<br>\u2022 Viernes 17: 2 y 3<br>\u2022 Lunes 20: 4 y 5*<br>\u2022 Martes 21: 6 y 7<br>\u2022 Mi\u00e9rcoles 22: 8 y 9<\/p>\n\n\n\n<ul class=\"wp-block-list\">\n<li>En cajeros, s\u00e1bado 18.<\/li>\n<\/ul>\n","protected":false},"excerpt":{"rendered":"<p>Gustavo Vald\u00e9s public\u00f3 el cronograma de pago para el plus de refuerzo del mes de marzo para trabajadores provinciales activos y jubilados. El mismo se pagar\u00e1 por terminaci\u00f3n de DNI comenzando este jueves 16. En cajeros el pago estar\u00e1 habilitado desde el s\u00e1bado 18. El plus de refuerzo, que se pagar\u00e1 con aumento, podr\u00e1 abonarse [&hellip;]<\/p>\n","protected":false},"author":2,"featured_media":0,"comment_status":"closed","ping_status":"open","sticky":false,"template":"","format":"standard","meta":{"footnotes":""},"categories":[3],"tags":[125,42,113,123,111,408],"class_list":{"0":"post-4028","1":"post","2":"type-post","3":"status-publish","4":"format-standard","6":"category-provinciales","7":"tag-corrientes","8":"tag-featured","9":"tag-gobierno-provincial","10":"tag-gustavo-valdes","11":"tag-plus","12":"tag-plus-de-refuerzo"},"_links":{"self":[{"href":"https:\/\/zoomproducciones.com.ar\/zoomp\/wp-json\/wp\/v2\/posts\/4028","targetHints":{"allow":["GET"]}}],"collection":[{"href":"https:\/\/zoomproducciones.com.ar\/zoomp\/wp-json\/wp\/v2\/posts"}],"about":[{"href":"https:\/\/zoomproducciones.com.ar\/zoomp\/wp-json\/wp\/v2\/types\/post"}],"author":[{"embeddable":true,"href":"https:\/\/zoomproducciones.com.ar\/zoomp\/wp-json\/wp\/v2\/users\/2"}],"replies":[{"embeddable":true,"href":"https:\/\/zoomproducciones.com.ar\/zoomp\/wp-json\/wp\/v2\/comments?post=4028"}],"version-history":[{"count":2,"href":"https:\/\/zoomproducciones.com.ar\/zoomp\/wp-json\/wp\/v2\/posts\/4028\/revisions"}],"predecessor-version":[{"id":4030,"href":"https:\/\/zoomproducciones.com.ar\/zoomp\/wp-json\/wp\/v2\/posts\/4028\/revisions\/4030"}],"wp:attachment":[{"href":"https:\/\/zoomproducciones.com.ar\/zoomp\/wp-json\/wp\/v2\/media?parent=4028"}],"wp:term":[{"taxonomy":"category","embeddable":true,"href":"https:\/\/zoomproducciones.com.ar\/zoomp\/wp-json\/wp\/v2\/categories?post=4028"},{"taxonomy":"post_tag","embeddable":true,"href":"https:\/\/zoomproducciones.com.ar\/zoomp\/wp-json\/wp\/v2\/tags?post=4028"}],"curies":[{"name":"wp","href":"https:\/\/api.w.org\/{rel}","templated":true}]}}