{"id":3987,"date":"2023-03-13T08:40:51","date_gmt":"2023-03-13T11:40:51","guid":{"rendered":"http:\/\/zoomproducciones.com.ar\/zoomp\/?p=3987"},"modified":"2023-03-13T08:40:52","modified_gmt":"2023-03-13T11:40:52","slug":"padre-de-matias-chirino-el-caso-esta-estancado-y-aun-no-se-elevo-la-causa-a-juicio","status":"publish","type":"post","link":"https:\/\/zoomproducciones.com.ar\/zoomp\/padre-de-matias-chirino-el-caso-esta-estancado-y-aun-no-se-elevo-la-causa-a-juicio\/","title":{"rendered":"Padre de Mat\u00edas Chirino: \u00bbel caso est\u00e1 estancado y a\u00fan no se elev\u00f3 la causa a juicio\u00bb"},"content":{"rendered":"\n<p>Familiares del soldado Mat\u00edas Chirino exigen que la causa<strong> sea elevada a juicio.<\/strong> El joven hab\u00eda fallecido tras un ritual de iniciaci\u00f3n en Paso de los Libres<strong>. \u201cEstamos cansados de pedir el pronto despacho al juez<\/strong> Fresneda para que eleve la causa y <strong>nunca hemos recibido respuesta de su parte<\/strong>\u201d, dijo Ezequiel, padre del chico. <\/p>\n\n\n\n<p>La causa judicial tiene<strong> 9 imputados<\/strong> que cumpl\u00edan funciones en el <strong>Grupo de Artiller\u00eda de Monte 3<\/strong> de Paso de los Libres por <strong>homicidio simple y abuso de autoridad.<\/strong><\/p>\n\n\n\n<p>Son los capitanes <strong>Claudio Luna, Rub\u00e9n Dar\u00edo Ruiz y Hugo Reclus Mart\u00ednez T\u00e1rraga<\/strong>, el teniente primero <strong>Dar\u00edo Mart\u00ednez,<\/strong> los tenientes <strong>Exequiel Aguilar y Franco Grupico<\/strong>, los subtenientes <strong>Facundo Acosta y Gerardo Bautista <\/strong>y la subteniente <strong>Claudia Cayata.<\/strong><\/p>\n\n\n\n<p>\u201cA ocho meses de la muerte de mi hijo, el juez Fresneda a\u00fan no elev\u00f3 la causa a juicio. <strong>El caso est\u00e1 estancado y reclamamos el pronto despacho\u201d,<\/strong> sostuvo Chirino.<\/p>\n\n\n\n<p>\u201cHace ocho meses que le arrebataron la vida. A \u00e9l lo mataron las personas que abusaron de su poder\u201d, afirm\u00f3. <strong>\u201cHace ocho meses que venimos pidiendo justicia porque esas s\u00e1dicas personas contin\u00faan libres\u201d.<\/strong><\/p>\n\n\n\n<p>\u201cEstamos cansados de pedir el pronto despacho al juez Fresneda para que eleve la causa y nunca hemos recibido respuesta de su parte. Por eso seguimos pidiendo justicia\u201d, dijo en declaraciones a la prensa.<\/p>\n\n\n\n<p>Datos: El Litoral.<\/p>\n","protected":false},"excerpt":{"rendered":"<p>Familiares del soldado Mat\u00edas Chirino exigen que la causa sea elevada a juicio. El joven hab\u00eda fallecido tras un ritual de iniciaci\u00f3n en Paso de los Libres. \u201cEstamos cansados de pedir el pronto despacho al juez Fresneda para que eleve la causa y nunca hemos recibido respuesta de su parte\u201d, dijo Ezequiel, padre del chico. [&hellip;]<\/p>\n","protected":false},"author":2,"featured_media":0,"comment_status":"closed","ping_status":"open","sticky":false,"template":"","format":"standard","meta":{"footnotes":""},"categories":[120],"tags":[42,116],"class_list":{"0":"post-3987","1":"post","2":"type-post","3":"status-publish","4":"format-standard","6":"category-policiales","7":"tag-featured","8":"tag-paso-de-los-libres"},"_links":{"self":[{"href":"https:\/\/zoomproducciones.com.ar\/zoomp\/wp-json\/wp\/v2\/posts\/3987","targetHints":{"allow":["GET"]}}],"collection":[{"href":"https:\/\/zoomproducciones.com.ar\/zoomp\/wp-json\/wp\/v2\/posts"}],"about":[{"href":"https:\/\/zoomproducciones.com.ar\/zoomp\/wp-json\/wp\/v2\/types\/post"}],"author":[{"embeddable":true,"href":"https:\/\/zoomproducciones.com.ar\/zoomp\/wp-json\/wp\/v2\/users\/2"}],"replies":[{"embeddable":true,"href":"https:\/\/zoomproducciones.com.ar\/zoomp\/wp-json\/wp\/v2\/comments?post=3987"}],"version-history":[{"count":1,"href":"https:\/\/zoomproducciones.com.ar\/zoomp\/wp-json\/wp\/v2\/posts\/3987\/revisions"}],"predecessor-version":[{"id":3989,"href":"https:\/\/zoomproducciones.com.ar\/zoomp\/wp-json\/wp\/v2\/posts\/3987\/revisions\/3989"}],"wp:attachment":[{"href":"https:\/\/zoomproducciones.com.ar\/zoomp\/wp-json\/wp\/v2\/media?parent=3987"}],"wp:term":[{"taxonomy":"category","embeddable":true,"href":"https:\/\/zoomproducciones.com.ar\/zoomp\/wp-json\/wp\/v2\/categories?post=3987"},{"taxonomy":"post_tag","embeddable":true,"href":"https:\/\/zoomproducciones.com.ar\/zoomp\/wp-json\/wp\/v2\/tags?post=3987"}],"curies":[{"name":"wp","href":"https:\/\/api.w.org\/{rel}","templated":true}]}}