{"id":3950,"date":"2023-03-09T10:27:24","date_gmt":"2023-03-09T13:27:24","guid":{"rendered":"http:\/\/zoomproducciones.com.ar\/zoomp\/?p=3950"},"modified":"2023-03-09T10:33:02","modified_gmt":"2023-03-09T13:33:02","slug":"libres-destrozaron-columnas-de-alumbrado-publico-en-av-san-martin","status":"publish","type":"post","link":"https:\/\/zoomproducciones.com.ar\/zoomp\/libres-destrozaron-columnas-de-alumbrado-publico-en-av-san-martin\/","title":{"rendered":"Libres: destrozaron columnas de alumbrado p\u00fablico en Av San Mart\u00edn"},"content":{"rendered":"\n<p>Veinti\u00fan (21) columnas de alumbrado p\u00fablico fueron vandalizadas en Avenida San Mart\u00edn. Del total, nueve de ellas fueron completamente destruidas con el objetivo de robar los cables de las mismas, seg\u00fan indicaron desde el Municipio. <\/p>\n\n\n\n<p>En la ma\u00f1ana del jueves 9\/03 se conoci\u00f3 la informaci\u00f3n que veinti\u00fan columnas de alumbrado p\u00fablico fueron vandalizadas en Av San Mart\u00edn.<\/p>\n\n\n\n<p>Nueve de ellas necesitaron reparaciones a causa de los destrozos.<\/p>\n\n\n\n<p>El Municipio comparti\u00f3 lo ocurrido y asegur\u00f3 que se ha realizado una denuncia penal para identificar a los culpables. \u00bbFueron vandalizadas con el objetivo de robar los cables de los artefactos\u00bb especificaron. <\/p>\n\n\n\n<p>\u00bbSe solicita a la ciudadan\u00eda que alerte inmediatamente al 911 cuando se observe alguna situaci\u00f3n vand\u00e1lica o hechos delictivos\u00bb solicit\u00f3 la Direcci\u00f3n de Alumbrado P\u00fablico. <\/p>\n","protected":false},"excerpt":{"rendered":"<p>Veinti\u00fan (21) columnas de alumbrado p\u00fablico fueron vandalizadas en Avenida San Mart\u00edn. Del total, nueve de ellas fueron completamente destruidas con el objetivo de robar los cables de las mismas, seg\u00fan indicaron desde el Municipio. En la ma\u00f1ana del jueves 9\/03 se conoci\u00f3 la informaci\u00f3n que veinti\u00fan columnas de alumbrado p\u00fablico fueron vandalizadas en Av [&hellip;]<\/p>\n","protected":false},"author":2,"featured_media":0,"comment_status":"closed","ping_status":"open","sticky":false,"template":"","format":"standard","meta":{"footnotes":""},"categories":[120],"tags":[42,116,122],"class_list":{"0":"post-3950","1":"post","2":"type-post","3":"status-publish","4":"format-standard","6":"category-policiales","7":"tag-featured","8":"tag-paso-de-los-libres","9":"tag-policiales"},"_links":{"self":[{"href":"https:\/\/zoomproducciones.com.ar\/zoomp\/wp-json\/wp\/v2\/posts\/3950","targetHints":{"allow":["GET"]}}],"collection":[{"href":"https:\/\/zoomproducciones.com.ar\/zoomp\/wp-json\/wp\/v2\/posts"}],"about":[{"href":"https:\/\/zoomproducciones.com.ar\/zoomp\/wp-json\/wp\/v2\/types\/post"}],"author":[{"embeddable":true,"href":"https:\/\/zoomproducciones.com.ar\/zoomp\/wp-json\/wp\/v2\/users\/2"}],"replies":[{"embeddable":true,"href":"https:\/\/zoomproducciones.com.ar\/zoomp\/wp-json\/wp\/v2\/comments?post=3950"}],"version-history":[{"count":3,"href":"https:\/\/zoomproducciones.com.ar\/zoomp\/wp-json\/wp\/v2\/posts\/3950\/revisions"}],"predecessor-version":[{"id":3954,"href":"https:\/\/zoomproducciones.com.ar\/zoomp\/wp-json\/wp\/v2\/posts\/3950\/revisions\/3954"}],"wp:attachment":[{"href":"https:\/\/zoomproducciones.com.ar\/zoomp\/wp-json\/wp\/v2\/media?parent=3950"}],"wp:term":[{"taxonomy":"category","embeddable":true,"href":"https:\/\/zoomproducciones.com.ar\/zoomp\/wp-json\/wp\/v2\/categories?post=3950"},{"taxonomy":"post_tag","embeddable":true,"href":"https:\/\/zoomproducciones.com.ar\/zoomp\/wp-json\/wp\/v2\/tags?post=3950"}],"curies":[{"name":"wp","href":"https:\/\/api.w.org\/{rel}","templated":true}]}}