{"id":3947,"date":"2023-03-09T10:11:57","date_gmt":"2023-03-09T13:11:57","guid":{"rendered":"http:\/\/zoomproducciones.com.ar\/zoomp\/?p=3947"},"modified":"2023-03-09T10:11:58","modified_gmt":"2023-03-09T13:11:58","slug":"siniestro-fatal-en-virasoro-cuatro-personas-fallecieron","status":"publish","type":"post","link":"https:\/\/zoomproducciones.com.ar\/zoomp\/siniestro-fatal-en-virasoro-cuatro-personas-fallecieron\/","title":{"rendered":"Siniestro fatal en Virasoro: cuatro personas fallecieron"},"content":{"rendered":"\n<p>Cuatro personas fallecieron este mi\u00e9rcoles a causa de un accidente ocurrido en la ruta nacional 14, cerca de la localidad correntina de Virasoro. El accidente ocurri\u00f3 entre un cami\u00f3n que transportaba verduras y un autom\u00f3vil marca Peugeot. <\/p>\n\n\n\n<p>Un siniestro vial cobr\u00f3 cuatro vidas en la tarde del mi\u00e9rcoles 8 de marzo. El accidente ocurri\u00f3 en la ruta nacional 14 en su empalme con la\u00a0120 en la localidad correntina de Gobernador Virasoro.<\/p>\n\n\n\n<p>El accidente fue protagonizado entre en cami\u00f3n de verduras y un autom\u00f3vil marca Peugeot.&nbsp;<\/p>\n\n\n\n<p>El auto qued\u00f3 destruido y su conductor atrapado en el habit\u00e1culo, mientras que el cami\u00f3n perdi\u00f3 toda su carga de papas y otras verduras, que eran transportadas en el acoplado.\u00a0<\/p>\n\n\n\n<figure class=\"wp-block-image\"><img decoding=\"async\" src=\"https:\/\/pxc.cdn.ellitoral.com.ar\/litoral\/032023\/1678325394045\/7859c9fc-8726-4e9d-8dd3-744eec42af51.webp?cw=1200&amp;ch=900&amp;extw=jpg\" alt=\"Siniestro fatal en Corrientes: cuatro muertes \"\/><\/figure>\n\n\n\n<p>De las cuatro v\u00edctimas fatales, tres, un mujer y dos hombres,&nbsp;viajaban en Peugeot 207 Compact: todas de Gobernador Virasoro&nbsp;y la otra es el conductor del cami\u00f3n, un misionero, de apellido Salam\u00edn de 41 a\u00f1os.&nbsp;<\/p>\n\n\n\n<p>Entre tanto, las otras v\u00edctimas fatales que viajaban en el Peugeot fueron identificadas con los apellidos Piazza (55), Maidana (57) y G\u00f3mez (44), todos con domicilio en Virasoro.\u00a0<\/p>\n\n\n\n<p>Datos: El Litoral.<\/p>\n","protected":false},"excerpt":{"rendered":"<p>Cuatro personas fallecieron este mi\u00e9rcoles a causa de un accidente ocurrido en la ruta nacional 14, cerca de la localidad correntina de Virasoro. El accidente ocurri\u00f3 entre un cami\u00f3n que transportaba verduras y un autom\u00f3vil marca Peugeot. Un siniestro vial cobr\u00f3 cuatro vidas en la tarde del mi\u00e9rcoles 8 de marzo. El accidente ocurri\u00f3 en [&hellip;]<\/p>\n","protected":false},"author":2,"featured_media":0,"comment_status":"closed","ping_status":"open","sticky":false,"template":"","format":"standard","meta":{"footnotes":""},"categories":[3],"tags":[125,42,122],"class_list":{"0":"post-3947","1":"post","2":"type-post","3":"status-publish","4":"format-standard","6":"category-provinciales","7":"tag-corrientes","8":"tag-featured","9":"tag-policiales"},"_links":{"self":[{"href":"https:\/\/zoomproducciones.com.ar\/zoomp\/wp-json\/wp\/v2\/posts\/3947","targetHints":{"allow":["GET"]}}],"collection":[{"href":"https:\/\/zoomproducciones.com.ar\/zoomp\/wp-json\/wp\/v2\/posts"}],"about":[{"href":"https:\/\/zoomproducciones.com.ar\/zoomp\/wp-json\/wp\/v2\/types\/post"}],"author":[{"embeddable":true,"href":"https:\/\/zoomproducciones.com.ar\/zoomp\/wp-json\/wp\/v2\/users\/2"}],"replies":[{"embeddable":true,"href":"https:\/\/zoomproducciones.com.ar\/zoomp\/wp-json\/wp\/v2\/comments?post=3947"}],"version-history":[{"count":1,"href":"https:\/\/zoomproducciones.com.ar\/zoomp\/wp-json\/wp\/v2\/posts\/3947\/revisions"}],"predecessor-version":[{"id":3949,"href":"https:\/\/zoomproducciones.com.ar\/zoomp\/wp-json\/wp\/v2\/posts\/3947\/revisions\/3949"}],"wp:attachment":[{"href":"https:\/\/zoomproducciones.com.ar\/zoomp\/wp-json\/wp\/v2\/media?parent=3947"}],"wp:term":[{"taxonomy":"category","embeddable":true,"href":"https:\/\/zoomproducciones.com.ar\/zoomp\/wp-json\/wp\/v2\/categories?post=3947"},{"taxonomy":"post_tag","embeddable":true,"href":"https:\/\/zoomproducciones.com.ar\/zoomp\/wp-json\/wp\/v2\/tags?post=3947"}],"curies":[{"name":"wp","href":"https:\/\/api.w.org\/{rel}","templated":true}]}}