{"id":3061,"date":"2023-01-23T12:13:07","date_gmt":"2023-01-23T15:13:07","guid":{"rendered":"http:\/\/zoomproducciones.com.ar\/zoomp\/?p=3061"},"modified":"2023-01-23T12:13:08","modified_gmt":"2023-01-23T15:13:08","slug":"sub-20-argentina-enfrenta-a-brasil-en-busca-del-sueno-sudamericano","status":"publish","type":"post","link":"https:\/\/zoomproducciones.com.ar\/zoomp\/sub-20-argentina-enfrenta-a-brasil-en-busca-del-sueno-sudamericano\/","title":{"rendered":"Sub 20: Argentina enfrenta a Brasil en busca del sue\u00f1o sudamericano"},"content":{"rendered":"\n<p>El partido correspondiente a la tercera fecha del grupo A, entre el seleccionado albiceleste y la verdeamarella, se disputar\u00e1 desde las 21.30 en el estadio Ol\u00edmpico Pascual Guerrero de Cali y ser\u00e1 televisado por TyC Sports.<\/p>\n\n\n\n<p>El seleccionado argentino sub 20 afrontar\u00e1 este lunes el cl\u00e1sico ante Brasil en busca de la recuperaci\u00f3n <strong>luego de la derrota en el debut en el torneo Sudamericano Sub 20 ante Paraguay. <\/strong><\/p>\n\n\n\n<p>El partido correspondiente a la tercera fecha del grupo A <strong>se disputar\u00e1 desde las 21.30 en el estadio Ol\u00edmpico Pascual Guerrero de Cali y ser\u00e1 televisado por TyC Sports. <\/strong><\/p>\n\n\n\n<figure class=\"wp-block-embed is-type-rich is-provider-twitter wp-block-embed-twitter\"><div class=\"wp-block-embed__wrapper\">\n<blockquote class=\"twitter-tweet\" data-width=\"550\" data-dnt=\"true\"><p lang=\"es\" dir=\"ltr\">\ud83c\udfc6 <a href=\"https:\/\/twitter.com\/hashtag\/SudamericanoSub20?src=hash&amp;ref_src=twsrc%5Etfw\">#SudamericanoSub20<\/a> <br><br>\ud83d\uddd3 Grupo A, Fecha 3<br>\u26bd <a href=\"https:\/\/twitter.com\/hashtag\/Argentina?src=hash&amp;ref_src=twsrc%5Etfw\">#Argentina<\/a> \ud83c\udde6\ud83c\uddf7 &#8211; Brasil \ud83c\udde7\ud83c\uddf7<br>\ud83d\udd70 21.30 (19.30 en Colombia)<br>\ud83d\udccd Estadio Pascual Guerrero (Cali)<br>\ud83d\udcfa <a href=\"https:\/\/twitter.com\/TyCSports?ref_src=twsrc%5Etfw\">@TyCSports<\/a><br>\u270d <a href=\"https:\/\/t.co\/MXMOcKCVXm\">https:\/\/t.co\/MXMOcKCVXm<\/a><br><br>\ud83d\udcaa \u00a1Vamos nosotros! \ud83d\udc99 <a href=\"https:\/\/t.co\/Zy3UWZMxS4\">pic.twitter.com\/Zy3UWZMxS4<\/a><\/p>&mdash; \ud83c\udde6\ud83c\uddf7 Selecci\u00f3n Argentina \u2b50\u2b50\u2b50 (@Argentina) <a href=\"https:\/\/twitter.com\/Argentina\/status\/1617507441817669638?ref_src=twsrc%5Etfw\">January 23, 2023<\/a><\/blockquote><script async src=\"https:\/\/platform.twitter.com\/widgets.js\" charset=\"utf-8\"><\/script>\n<\/div><\/figure>\n\n\n\n<p>El equipo de <strong>Javier Mascherano<\/strong> debut\u00f3 el s\u00e1bado en el torneo que clasifica al Mundial de Indonesia y a los Juegos Panamericanos de Santiago con una derrota 2-1 y este lunes tendr\u00e1 r\u00e1pido revancha contra Brasil. <\/p>\n\n\n\n<p>El mi\u00e9rcoles volver\u00e1 jugar contra Per\u00fa y el viernes cerrar\u00e1 la fase de grupos ante el local, Colombia. <\/p>\n\n\n\n<figure class=\"wp-block-image size-full\"><a href=\"http:\/\/zoomproducciones.com.ar\/zoomp\/wp-content\/uploads\/2023\/01\/1674486705910.png\"><img decoding=\"async\" src=\"http:\/\/zoomproducciones.com.ar\/zoomp\/wp-content\/uploads\/2023\/01\/1674486705910.png\" alt=\"\" class=\"wp-image-3062\"\/><\/a><\/figure>\n","protected":false},"excerpt":{"rendered":"<p>El partido correspondiente a la tercera fecha del grupo A, entre el seleccionado albiceleste y la verdeamarella, se disputar\u00e1 desde las 21.30 en el estadio Ol\u00edmpico Pascual Guerrero de Cali y ser\u00e1 televisado por TyC Sports. El seleccionado argentino sub 20 afrontar\u00e1 este lunes el cl\u00e1sico ante Brasil en busca de la recuperaci\u00f3n luego de [&hellip;]<\/p>\n","protected":false},"author":2,"featured_media":0,"comment_status":"closed","ping_status":"open","sticky":false,"template":"","format":"standard","meta":{"footnotes":""},"categories":[167],"tags":[118,172,164,207],"class_list":{"0":"post-3061","1":"post","2":"type-post","3":"status-publish","4":"format-standard","6":"category-deportes","7":"tag-argentina","8":"tag-brasil","9":"tag-futbol","10":"tag-seleccion-argentina"},"_links":{"self":[{"href":"https:\/\/zoomproducciones.com.ar\/zoomp\/wp-json\/wp\/v2\/posts\/3061","targetHints":{"allow":["GET"]}}],"collection":[{"href":"https:\/\/zoomproducciones.com.ar\/zoomp\/wp-json\/wp\/v2\/posts"}],"about":[{"href":"https:\/\/zoomproducciones.com.ar\/zoomp\/wp-json\/wp\/v2\/types\/post"}],"author":[{"embeddable":true,"href":"https:\/\/zoomproducciones.com.ar\/zoomp\/wp-json\/wp\/v2\/users\/2"}],"replies":[{"embeddable":true,"href":"https:\/\/zoomproducciones.com.ar\/zoomp\/wp-json\/wp\/v2\/comments?post=3061"}],"version-history":[{"count":1,"href":"https:\/\/zoomproducciones.com.ar\/zoomp\/wp-json\/wp\/v2\/posts\/3061\/revisions"}],"predecessor-version":[{"id":3064,"href":"https:\/\/zoomproducciones.com.ar\/zoomp\/wp-json\/wp\/v2\/posts\/3061\/revisions\/3064"}],"wp:attachment":[{"href":"https:\/\/zoomproducciones.com.ar\/zoomp\/wp-json\/wp\/v2\/media?parent=3061"}],"wp:term":[{"taxonomy":"category","embeddable":true,"href":"https:\/\/zoomproducciones.com.ar\/zoomp\/wp-json\/wp\/v2\/categories?post=3061"},{"taxonomy":"post_tag","embeddable":true,"href":"https:\/\/zoomproducciones.com.ar\/zoomp\/wp-json\/wp\/v2\/tags?post=3061"}],"curies":[{"name":"wp","href":"https:\/\/api.w.org\/{rel}","templated":true}]}}