{"id":28428,"date":"2026-05-01T10:31:37","date_gmt":"2026-05-01T13:31:37","guid":{"rendered":"https:\/\/zoomproducciones.com.ar\/zoomp\/?p=28428"},"modified":"2026-05-01T10:31:39","modified_gmt":"2026-05-01T13:31:39","slug":"gobernador-adelanto-que-anunciara-otro-aumento-salarial-en-mayo","status":"publish","type":"post","link":"https:\/\/zoomproducciones.com.ar\/zoomp\/gobernador-adelanto-que-anunciara-otro-aumento-salarial-en-mayo\/","title":{"rendered":"Gobernador adelant\u00f3 que anunciar\u00e1 otro aumento salarial en mayo\u00a0"},"content":{"rendered":"\n<p>Juan Pablo Vald\u00e9s, adelant\u00f3 que en mayo anunciar\u00e1 un nuevo incremento salarial para la administraci\u00f3n p\u00fablica y jubilados.\u00a0 \u00abVamos a continuar con una recomposici\u00f3n salarial sin poner el riesgo el sistema\u00bb, remarc\u00f3 el mandatario en declaraciones.<\/p>\n\n\n\n<p>El gobernador Juan Pablo Vald\u00e9s, adelant\u00f3 que en mayo anunciar\u00e1 un nuevo incremento salarial para la administraci\u00f3n p\u00fablica y jubilados.&nbsp; \u00abVamos a continuar con una recomposici\u00f3n salarial sin poner el riesgo el sistema\u00bb, remarc\u00f3 el mandatario en declaraciones al medio bellavistense \u00d1and\u00e9 Cable.<\/p>\n\n\n\n<p>\u00abEn el mes de mayo estaremos haciendo anuncios salariales, viendo cu\u00e1l es el panorama y tratando de que el anuncio sea lo mejor posible\u00bb, expres\u00f3 el mandatario al medio bellavistense \u00d1and\u00e9 Cable.<\/p>\n\n\n\n<p>&nbsp;Y en este sentido, destac\u00f3 la importancia de \u00abcontinuar con una recomposici\u00f3n salarial sin poner el riesgo el sistema\u00bb.<\/p>\n\n\n\n<p>\u00abEntendemos las demandas y trabajamos de acuerdo a los recursos que ingresan a la provincia, somos responsables\u00bb, afirm\u00f3 el Gobernador y agreg\u00f3 sobre la situaci\u00f3n de los empleados p\u00fablicos que \u00abentendemos el disgusto, pero somos responsables y queremos cumplir en tiempo y forma con los salarios\u00bb.<\/p>\n\n\n\n<p>&nbsp;En este sentido, remarc\u00f3 sobre los incrementos salariales que \u00abpreferimos hacer anuncios que que no sean tan a largo plazo, sino anuncios de incrementos en plazos m\u00e1s cortos\u00bb.<\/p>\n\n\n\n<p>Por otra parte, sobre la situaci\u00f3n financiera provincial, el gobernador Juan Pablo Vald\u00e9s manifest\u00f3 que \u00abno deja de caer la coparticipaci\u00f3n\u00bb y detall\u00f3 c\u00f3mo afecta la ca\u00edda de los ingresos nacionales.<\/p>\n\n\n\n<p>\u00abEn t\u00e9rminos reales, en promedio es de 6 a 8 puntos en estos cuatro meses\u00bb y que la baja genera adem\u00e1s una situaci\u00f3n \u00abmuy complicada en los municipios\u00bb e hizo menci\u00f3n a la ayuda que presta la Provincia a las comunas y se\u00f1al\u00f3 que para \u00abnosotros sostener el equilibrio es fundamental\u00bb<\/p>\n\n\n\n<p>Fuente: Radio Dos<\/p>\n","protected":false},"excerpt":{"rendered":"<p>Juan Pablo Vald\u00e9s, adelant\u00f3 que en mayo anunciar\u00e1 un nuevo incremento salarial para la administraci\u00f3n p\u00fablica y jubilados.\u00a0 \u00abVamos a continuar con una recomposici\u00f3n salarial sin poner el riesgo el sistema\u00bb, remarc\u00f3 el mandatario en declaraciones. El gobernador Juan Pablo Vald\u00e9s, adelant\u00f3 que en mayo anunciar\u00e1 un nuevo incremento salarial para la administraci\u00f3n p\u00fablica y [&hellip;]<\/p>\n","protected":false},"author":2,"featured_media":27576,"comment_status":"closed","ping_status":"open","sticky":false,"template":"","format":"standard","meta":{"footnotes":""},"categories":[194,3],"tags":[511],"class_list":{"0":"post-28428","1":"post","2":"type-post","3":"status-publish","4":"format-standard","5":"has-post-thumbnail","7":"category-noticias","8":"category-provinciales","9":"tag-bloque-2"},"_links":{"self":[{"href":"https:\/\/zoomproducciones.com.ar\/zoomp\/wp-json\/wp\/v2\/posts\/28428","targetHints":{"allow":["GET"]}}],"collection":[{"href":"https:\/\/zoomproducciones.com.ar\/zoomp\/wp-json\/wp\/v2\/posts"}],"about":[{"href":"https:\/\/zoomproducciones.com.ar\/zoomp\/wp-json\/wp\/v2\/types\/post"}],"author":[{"embeddable":true,"href":"https:\/\/zoomproducciones.com.ar\/zoomp\/wp-json\/wp\/v2\/users\/2"}],"replies":[{"embeddable":true,"href":"https:\/\/zoomproducciones.com.ar\/zoomp\/wp-json\/wp\/v2\/comments?post=28428"}],"version-history":[{"count":1,"href":"https:\/\/zoomproducciones.com.ar\/zoomp\/wp-json\/wp\/v2\/posts\/28428\/revisions"}],"predecessor-version":[{"id":28429,"href":"https:\/\/zoomproducciones.com.ar\/zoomp\/wp-json\/wp\/v2\/posts\/28428\/revisions\/28429"}],"wp:featuredmedia":[{"embeddable":true,"href":"https:\/\/zoomproducciones.com.ar\/zoomp\/wp-json\/wp\/v2\/media\/27576"}],"wp:attachment":[{"href":"https:\/\/zoomproducciones.com.ar\/zoomp\/wp-json\/wp\/v2\/media?parent=28428"}],"wp:term":[{"taxonomy":"category","embeddable":true,"href":"https:\/\/zoomproducciones.com.ar\/zoomp\/wp-json\/wp\/v2\/categories?post=28428"},{"taxonomy":"post_tag","embeddable":true,"href":"https:\/\/zoomproducciones.com.ar\/zoomp\/wp-json\/wp\/v2\/tags?post=28428"}],"curies":[{"name":"wp","href":"https:\/\/api.w.org\/{rel}","templated":true}]}}