{"id":28425,"date":"2026-05-01T10:27:07","date_gmt":"2026-05-01T13:27:07","guid":{"rendered":"https:\/\/zoomproducciones.com.ar\/zoomp\/?p=28425"},"modified":"2026-05-01T10:27:09","modified_gmt":"2026-05-01T13:27:09","slug":"por-que-se-celebra-el-1-de-mayo-el-dia-del-trabajador","status":"publish","type":"post","link":"https:\/\/zoomproducciones.com.ar\/zoomp\/por-que-se-celebra-el-1-de-mayo-el-dia-del-trabajador\/","title":{"rendered":"Por qu\u00e9 se celebra el 1\u00b0 de mayo el D\u00eda del Trabajador"},"content":{"rendered":"\n<p>El feriado internacional, este a\u00f1o en nuestro pa\u00eds nos regala un fin de semana largo. Conoc\u00e9 la historia.<\/p>\n\n\n\n<p>Cada 1\u00b0 de mayo, gran parte del mundo conmemora el D\u00eda Internacional del Trabajador, una fecha cargada de historia, lucha y reivindicaci\u00f3n de derechos laborales. Pero, \u00bfpor qu\u00e9 se eligi\u00f3 este d\u00eda y qu\u00e9 se recuerda exactamente?<\/p>\n\n\n\n<p>La respuesta se remonta a fines del siglo XIX, en un contexto de profundas desigualdades laborales. En aquella \u00e9poca, era com\u00fan que los trabajadores cumplieran jornadas de hasta 12 o 16 horas diarias, sin descansos adecuados ni condiciones dignas. Frente a esta realidad, comenzaron a organizarse para exigir una jornada laboral de ocho horas.<\/p>\n\n\n\n<p>El punto de inflexi\u00f3n ocurri\u00f3 en Estados Unidos, espec\u00edficamente en la ciudad de Chicago. El 1\u00b0 de mayo de 1886, miles de trabajadores iniciaron una huelga masiva para reclamar mejores condiciones laborales. D\u00edas despu\u00e9s, durante una protesta en la plaza Haymarket, se produjo un violento enfrentamiento entre manifestantes y fuerzas policiales, conocido como la Revuelta de Haymarket. El conflicto termin\u00f3 con varios muertos y la condena a l\u00edderes sindicales, algunos de los cuales fueron ejecutados.<\/p>\n\n\n\n<p>En homenaje a esos trabajadores y como s\u00edmbolo de la lucha obrera, en 1889 el Congreso Obrero Socialista de la Segunda Internacional, reunido en Par\u00eds, decidi\u00f3 establecer el 1\u00b0 de mayo como una jornada de reivindicaci\u00f3n internacional.<\/p>\n\n\n\n<p>Hoy, m\u00e1s de un siglo despu\u00e9s, la fecha sigue vigente como un recordatorio de los derechos conquistados y de los desaf\u00edos pendientes en el mundo del trabajo. En muchos pa\u00edses, incluido Argentina, es un d\u00eda feriado nacional, en el que adem\u00e1s de descansar, se reflexiona sobre la importancia del trabajo digno, la justicia social y la equidad laboral.<\/p>\n\n\n\n<p>As\u00ed, el 1\u00b0 de mayo no es solo una fecha en el calendario, sino una jornada que conecta pasado y presente, recordando que muchos de los derechos actuales fueron fruto de largas luchas colectivas.<\/p>\n\n\n\n<p><a href=\"https:\/\/www.radiosudamericana.com\/notix\/multimedia\/imagenes\/fotos\/2026-05-01\/166115.jpg\"><\/a><\/p>\n","protected":false},"excerpt":{"rendered":"<p>El feriado internacional, este a\u00f1o en nuestro pa\u00eds nos regala un fin de semana largo. Conoc\u00e9 la historia. Cada 1\u00b0 de mayo, gran parte del mundo conmemora el D\u00eda Internacional del Trabajador, una fecha cargada de historia, lucha y reivindicaci\u00f3n de derechos laborales. Pero, \u00bfpor qu\u00e9 se eligi\u00f3 este d\u00eda y qu\u00e9 se recuerda exactamente? [&hellip;]<\/p>\n","protected":false},"author":2,"featured_media":28426,"comment_status":"closed","ping_status":"open","sticky":false,"template":"","format":"standard","meta":{"footnotes":""},"categories":[721,6,194],"tags":[511],"class_list":{"0":"post-28425","1":"post","2":"type-post","3":"status-publish","4":"format-standard","5":"has-post-thumbnail","7":"category-efemerides","8":"category-infogral","9":"category-noticias","10":"tag-bloque-2"},"_links":{"self":[{"href":"https:\/\/zoomproducciones.com.ar\/zoomp\/wp-json\/wp\/v2\/posts\/28425","targetHints":{"allow":["GET"]}}],"collection":[{"href":"https:\/\/zoomproducciones.com.ar\/zoomp\/wp-json\/wp\/v2\/posts"}],"about":[{"href":"https:\/\/zoomproducciones.com.ar\/zoomp\/wp-json\/wp\/v2\/types\/post"}],"author":[{"embeddable":true,"href":"https:\/\/zoomproducciones.com.ar\/zoomp\/wp-json\/wp\/v2\/users\/2"}],"replies":[{"embeddable":true,"href":"https:\/\/zoomproducciones.com.ar\/zoomp\/wp-json\/wp\/v2\/comments?post=28425"}],"version-history":[{"count":1,"href":"https:\/\/zoomproducciones.com.ar\/zoomp\/wp-json\/wp\/v2\/posts\/28425\/revisions"}],"predecessor-version":[{"id":28427,"href":"https:\/\/zoomproducciones.com.ar\/zoomp\/wp-json\/wp\/v2\/posts\/28425\/revisions\/28427"}],"wp:featuredmedia":[{"embeddable":true,"href":"https:\/\/zoomproducciones.com.ar\/zoomp\/wp-json\/wp\/v2\/media\/28426"}],"wp:attachment":[{"href":"https:\/\/zoomproducciones.com.ar\/zoomp\/wp-json\/wp\/v2\/media?parent=28425"}],"wp:term":[{"taxonomy":"category","embeddable":true,"href":"https:\/\/zoomproducciones.com.ar\/zoomp\/wp-json\/wp\/v2\/categories?post=28425"},{"taxonomy":"post_tag","embeddable":true,"href":"https:\/\/zoomproducciones.com.ar\/zoomp\/wp-json\/wp\/v2\/tags?post=28425"}],"curies":[{"name":"wp","href":"https:\/\/api.w.org\/{rel}","templated":true}]}}