{"id":28423,"date":"2026-05-01T10:11:16","date_gmt":"2026-05-01T13:11:16","guid":{"rendered":"https:\/\/zoomproducciones.com.ar\/zoomp\/?p=28423"},"modified":"2026-05-01T10:11:17","modified_gmt":"2026-05-01T13:11:17","slug":"alerta-naranja-para-la-tarde-del-viernes","status":"publish","type":"post","link":"https:\/\/zoomproducciones.com.ar\/zoomp\/alerta-naranja-para-la-tarde-del-viernes\/","title":{"rendered":"Alerta Naranja para la tarde del viernes"},"content":{"rendered":"\n<p>El Servicio Meteorol\u00f3gico Nacional emiti\u00f3 un alerta para la tarde del viernes en el centro y sur este de la provincia. Durante la ma\u00f1ana el alerta es amarillo.<\/p>\n\n\n\n<p>El feriado del D\u00eda del Trabajador se vivir\u00e1 bajo agua, como estaba previsto. Pasada las 7:30 comenz\u00f3 la tormenta en la ciudad, con abundante ca\u00edda de agua y mucha actividad el\u00e9ctrica.<\/p>\n\n\n\n<p>Para la tarde, el alerta aumenta y ser\u00e1 Naranja. Seg\u00fan los datos, el \u00e1rea ser\u00e1 afectada por tormentas fuertes, algunas localmente severas. Las mismas estar\u00e1n acompa\u00f1adas principalmente por abundantes precipitaciones en cortos periodos, actividad el\u00e9ctrica frecuente, posible granizo, y r\u00e1fagas que podr\u00edan superar los 70 km\/h. Se estiman valores de precipitaci\u00f3n acumulada entre 80 y 110 mm, que pueden ser superados en forma localizada.<\/p>\n\n\n\n<h2 class=\"wp-block-heading\">Recomendaciones<\/h2>\n\n\n\n<p>1- Segu\u00ed las instrucciones de las autoridades locales. La calma es fundamental en estas situaciones.<br>2- Sal\u00ed solo si es necesario.<br>3- Permanec\u00e9 en construcciones cerradas como casas, escuelas, edificios p\u00fablicos.<br>4- Desconect\u00e1 los electrodom\u00e9sticos y cort\u00e1 el suministro el\u00e9ctrico si ingresa agua.<br>5- Cerr\u00e1 y al\u00e9jate de puertas y ventanas.<br>6- Alejate de zonas inundables y no ingreses en calles anegadas.<br>7- Retir\u00e1 o asegur\u00e1 objetos que puedan ser volados por el viento.<br>8- Prepar\u00e1 un kit de emergencia con agua potable, alimentos, botiqu\u00edn de primeros auxilios, radio a<br>pilas y linterna. Carg\u00e1 los celulares con anticipaci\u00f3n.<br>9- Agend\u00e1 los n\u00fameros locales de Protecci\u00f3n Civil, Bomberos y Polic\u00eda.<\/p>\n\n\n\n<p><\/p>\n","protected":false},"excerpt":{"rendered":"<p>El Servicio Meteorol\u00f3gico Nacional emiti\u00f3 un alerta para la tarde del viernes en el centro y sur este de la provincia. Durante la ma\u00f1ana el alerta es amarillo. El feriado del D\u00eda del Trabajador se vivir\u00e1 bajo agua, como estaba previsto. Pasada las 7:30 comenz\u00f3 la tormenta en la ciudad, con abundante ca\u00edda de agua [&hellip;]<\/p>\n","protected":false},"author":2,"featured_media":28107,"comment_status":"closed","ping_status":"open","sticky":false,"template":"","format":"standard","meta":{"footnotes":""},"categories":[5,194],"tags":[708],"class_list":{"0":"post-28423","1":"post","2":"type-post","3":"status-publish","4":"format-standard","5":"has-post-thumbnail","7":"category-locales","8":"category-noticias","9":"tag-bloque-1"},"_links":{"self":[{"href":"https:\/\/zoomproducciones.com.ar\/zoomp\/wp-json\/wp\/v2\/posts\/28423","targetHints":{"allow":["GET"]}}],"collection":[{"href":"https:\/\/zoomproducciones.com.ar\/zoomp\/wp-json\/wp\/v2\/posts"}],"about":[{"href":"https:\/\/zoomproducciones.com.ar\/zoomp\/wp-json\/wp\/v2\/types\/post"}],"author":[{"embeddable":true,"href":"https:\/\/zoomproducciones.com.ar\/zoomp\/wp-json\/wp\/v2\/users\/2"}],"replies":[{"embeddable":true,"href":"https:\/\/zoomproducciones.com.ar\/zoomp\/wp-json\/wp\/v2\/comments?post=28423"}],"version-history":[{"count":1,"href":"https:\/\/zoomproducciones.com.ar\/zoomp\/wp-json\/wp\/v2\/posts\/28423\/revisions"}],"predecessor-version":[{"id":28424,"href":"https:\/\/zoomproducciones.com.ar\/zoomp\/wp-json\/wp\/v2\/posts\/28423\/revisions\/28424"}],"wp:featuredmedia":[{"embeddable":true,"href":"https:\/\/zoomproducciones.com.ar\/zoomp\/wp-json\/wp\/v2\/media\/28107"}],"wp:attachment":[{"href":"https:\/\/zoomproducciones.com.ar\/zoomp\/wp-json\/wp\/v2\/media?parent=28423"}],"wp:term":[{"taxonomy":"category","embeddable":true,"href":"https:\/\/zoomproducciones.com.ar\/zoomp\/wp-json\/wp\/v2\/categories?post=28423"},{"taxonomy":"post_tag","embeddable":true,"href":"https:\/\/zoomproducciones.com.ar\/zoomp\/wp-json\/wp\/v2\/tags?post=28423"}],"curies":[{"name":"wp","href":"https:\/\/api.w.org\/{rel}","templated":true}]}}