{"id":28420,"date":"2026-05-01T09:53:27","date_gmt":"2026-05-01T12:53:27","guid":{"rendered":"https:\/\/zoomproducciones.com.ar\/zoomp\/?p=28420"},"modified":"2026-05-01T09:53:28","modified_gmt":"2026-05-01T12:53:28","slug":"el-municipio-fortalece-la-formacion-de-su-personal-con-mas-de-200-trabajadores-capacitados","status":"publish","type":"post","link":"https:\/\/zoomproducciones.com.ar\/zoomp\/el-municipio-fortalece-la-formacion-de-su-personal-con-mas-de-200-trabajadores-capacitados\/","title":{"rendered":"El Municipio fortalece la formaci\u00f3n de su personal con m\u00e1s de 200 trabajadores capacitados"},"content":{"rendered":"\n<p>Un total de 214 trabajadores municipales recibieron sus certificados este mi\u00e9rcoles 29 de abril, en el Sal\u00f3n de Actos, tras participar de los talleres y capacitaciones desarrollados durante los meses de marzo y abril, en el marco de una pol\u00edtica sostenida de formaci\u00f3n y profesionalizaci\u00f3n del personal.<\/p>\n\n\n\n<p>El acto fue encabezado por el intendente Agust\u00edn Faraldo, junto al secretario de Gobierno, Santiago Rodr\u00edguez; la secretaria de Salud, Natalia Mira Gesto; la secretaria de Desarrollo Humano, Mar\u00eda Jos\u00e9 Costabel; y la directora de Educaci\u00f3n Municipal, Beatriz \u201cNoni\u201d Tartaglino.<\/p>\n\n\n\n<p>Las instancias formativas estuvieron orientadas al fortalecimiento de la gesti\u00f3n, la atenci\u00f3n y el trabajo en territorio, incorporando herramientas que contribuyen a mejorar la calidad de los servicios municipales.<\/p>\n\n\n\n<p>Entre las capacitaciones se destacan el ciclo de charlas sobre ESI y ASI, con 66 participantes; los talleres de verano para ni\u00f1os de 4 a 10 a\u00f1os, con 43; el taller de inform\u00e1tica para adultos mayores, con 31 participantes; \u201cInform\u00e1tica y herramientas digitales para adolescentes y j\u00f3venes\u201d, con 24; \u201cVos y aprender a ahorrar\u201d, con 22; \u201cLa escuela como factor de prevenci\u00f3n\u201d, con 15; y \u201cSembrando conciencia: huertas en cajones en jardines maternales municipales\u201d, con 13 participantes.<\/p>\n\n\n\n<p>Con esta iniciativa, el Municipio consolida una l\u00ednea de gesti\u00f3n orientada a la capacitaci\u00f3n permanente de su personal, fortaleciendo capacidades que impactan directamente en la calidad de los servicios que se brindan a los libre\u00f1os.<\/p>\n","protected":false},"excerpt":{"rendered":"<p>Un total de 214 trabajadores municipales recibieron sus certificados este mi\u00e9rcoles 29 de abril, en el Sal\u00f3n de Actos, tras participar de los talleres y capacitaciones desarrollados durante los meses de marzo y abril, en el marco de una pol\u00edtica sostenida de formaci\u00f3n y profesionalizaci\u00f3n del personal. El acto fue encabezado por el intendente Agust\u00edn [&hellip;]<\/p>\n","protected":false},"author":2,"featured_media":28421,"comment_status":"closed","ping_status":"open","sticky":false,"template":"","format":"standard","meta":{"footnotes":""},"categories":[5,194],"tags":[511],"class_list":{"0":"post-28420","1":"post","2":"type-post","3":"status-publish","4":"format-standard","5":"has-post-thumbnail","7":"category-locales","8":"category-noticias","9":"tag-bloque-2"},"_links":{"self":[{"href":"https:\/\/zoomproducciones.com.ar\/zoomp\/wp-json\/wp\/v2\/posts\/28420","targetHints":{"allow":["GET"]}}],"collection":[{"href":"https:\/\/zoomproducciones.com.ar\/zoomp\/wp-json\/wp\/v2\/posts"}],"about":[{"href":"https:\/\/zoomproducciones.com.ar\/zoomp\/wp-json\/wp\/v2\/types\/post"}],"author":[{"embeddable":true,"href":"https:\/\/zoomproducciones.com.ar\/zoomp\/wp-json\/wp\/v2\/users\/2"}],"replies":[{"embeddable":true,"href":"https:\/\/zoomproducciones.com.ar\/zoomp\/wp-json\/wp\/v2\/comments?post=28420"}],"version-history":[{"count":1,"href":"https:\/\/zoomproducciones.com.ar\/zoomp\/wp-json\/wp\/v2\/posts\/28420\/revisions"}],"predecessor-version":[{"id":28422,"href":"https:\/\/zoomproducciones.com.ar\/zoomp\/wp-json\/wp\/v2\/posts\/28420\/revisions\/28422"}],"wp:featuredmedia":[{"embeddable":true,"href":"https:\/\/zoomproducciones.com.ar\/zoomp\/wp-json\/wp\/v2\/media\/28421"}],"wp:attachment":[{"href":"https:\/\/zoomproducciones.com.ar\/zoomp\/wp-json\/wp\/v2\/media?parent=28420"}],"wp:term":[{"taxonomy":"category","embeddable":true,"href":"https:\/\/zoomproducciones.com.ar\/zoomp\/wp-json\/wp\/v2\/categories?post=28420"},{"taxonomy":"post_tag","embeddable":true,"href":"https:\/\/zoomproducciones.com.ar\/zoomp\/wp-json\/wp\/v2\/tags?post=28420"}],"curies":[{"name":"wp","href":"https:\/\/api.w.org\/{rel}","templated":true}]}}