{"id":28417,"date":"2026-05-01T09:46:36","date_gmt":"2026-05-01T12:46:36","guid":{"rendered":"https:\/\/zoomproducciones.com.ar\/zoomp\/?p=28417"},"modified":"2026-05-01T09:46:38","modified_gmt":"2026-05-01T12:46:38","slug":"jornada-por-el-dia-del-trabajador-con-feria-y-musica-en-vivo","status":"publish","type":"post","link":"https:\/\/zoomproducciones.com.ar\/zoomp\/jornada-por-el-dia-del-trabajador-con-feria-y-musica-en-vivo\/","title":{"rendered":"Jornada por el D\u00eda del Trabajador con Feria y M\u00fasica en vivo"},"content":{"rendered":"\n<p>En el marco del D\u00eda del Trabajador, el Municipio de Paso de los Libres realizar\u00e1 este s\u00e1bado 2 de mayo una mateada en el Polideportivo Diego Armando Maradona, en una propuesta que invita a compartir una tarde distinta y poner en valor el trabajo local.<\/p>\n\n\n\n<p>La actividad se desarrollar\u00e1 de 15 a 19 horas y contar\u00e1 con feria de emprendedores y artesanos, adem\u00e1s de espect\u00e1culos musicales en vivo a cargo de Los Libre\u00f1itos del Chamam\u00e9 y La Fiestera.<\/p>\n\n\n\n<p>La iniciativa forma parte de las acciones que el Municipio impulsa para acompa\u00f1ar a los trabajadores y fortalecer el desarrollo local, promoviendo la participaci\u00f3n de vecinos en una jornada que combina producci\u00f3n local, cultura y encuentro.<\/p>\n\n\n\n<p>Durante la jornada se ofrecer\u00e1 yerba y agua caliente para quienes se acerquen con su mate.<\/p>\n","protected":false},"excerpt":{"rendered":"<p>En el marco del D\u00eda del Trabajador, el Municipio de Paso de los Libres realizar\u00e1 este s\u00e1bado 2 de mayo una mateada en el Polideportivo Diego Armando Maradona, en una propuesta que invita a compartir una tarde distinta y poner en valor el trabajo local. La actividad se desarrollar\u00e1 de 15 a 19 horas y [&hellip;]<\/p>\n","protected":false},"author":2,"featured_media":28418,"comment_status":"closed","ping_status":"open","sticky":false,"template":"","format":"standard","meta":{"footnotes":""},"categories":[5,194],"tags":[708],"class_list":{"0":"post-28417","1":"post","2":"type-post","3":"status-publish","4":"format-standard","5":"has-post-thumbnail","7":"category-locales","8":"category-noticias","9":"tag-bloque-1"},"_links":{"self":[{"href":"https:\/\/zoomproducciones.com.ar\/zoomp\/wp-json\/wp\/v2\/posts\/28417","targetHints":{"allow":["GET"]}}],"collection":[{"href":"https:\/\/zoomproducciones.com.ar\/zoomp\/wp-json\/wp\/v2\/posts"}],"about":[{"href":"https:\/\/zoomproducciones.com.ar\/zoomp\/wp-json\/wp\/v2\/types\/post"}],"author":[{"embeddable":true,"href":"https:\/\/zoomproducciones.com.ar\/zoomp\/wp-json\/wp\/v2\/users\/2"}],"replies":[{"embeddable":true,"href":"https:\/\/zoomproducciones.com.ar\/zoomp\/wp-json\/wp\/v2\/comments?post=28417"}],"version-history":[{"count":1,"href":"https:\/\/zoomproducciones.com.ar\/zoomp\/wp-json\/wp\/v2\/posts\/28417\/revisions"}],"predecessor-version":[{"id":28419,"href":"https:\/\/zoomproducciones.com.ar\/zoomp\/wp-json\/wp\/v2\/posts\/28417\/revisions\/28419"}],"wp:featuredmedia":[{"embeddable":true,"href":"https:\/\/zoomproducciones.com.ar\/zoomp\/wp-json\/wp\/v2\/media\/28418"}],"wp:attachment":[{"href":"https:\/\/zoomproducciones.com.ar\/zoomp\/wp-json\/wp\/v2\/media?parent=28417"}],"wp:term":[{"taxonomy":"category","embeddable":true,"href":"https:\/\/zoomproducciones.com.ar\/zoomp\/wp-json\/wp\/v2\/categories?post=28417"},{"taxonomy":"post_tag","embeddable":true,"href":"https:\/\/zoomproducciones.com.ar\/zoomp\/wp-json\/wp\/v2\/tags?post=28417"}],"curies":[{"name":"wp","href":"https:\/\/api.w.org\/{rel}","templated":true}]}}