{"id":28412,"date":"2026-05-01T09:37:01","date_gmt":"2026-05-01T12:37:01","guid":{"rendered":"https:\/\/zoomproducciones.com.ar\/zoomp\/?p=28412"},"modified":"2026-05-01T09:37:03","modified_gmt":"2026-05-01T12:37:03","slug":"no-habra-recoleccion-de-residuos-el-1-de-mayo-por-el-dia-del-trabajador","status":"publish","type":"post","link":"https:\/\/zoomproducciones.com.ar\/zoomp\/no-habra-recoleccion-de-residuos-el-1-de-mayo-por-el-dia-del-trabajador\/","title":{"rendered":"No habr\u00e1 recolecci\u00f3n de residuos el 1 de mayo por el D\u00eda del Trabajador"},"content":{"rendered":"\n<p>El Municipio de Paso de los Libres informa que este viernes 1 de mayo no se prestar\u00e1 el servicio de recolecci\u00f3n de residuos en la ciudad, debido a la conmemoraci\u00f3n del D\u00eda del Trabajador.<\/p>\n\n\n\n<p>La medida se enmarca en la modalidad habitual de prestaci\u00f3n de servicios durante feriados.<\/p>\n\n\n\n<p>Se solicita a los vecinos evitar sacar los residuos durante esa jornada, a fin de mantener el orden y la limpieza en la v\u00eda p\u00fablica.<\/p>\n\n\n\n<p>El servicio se retomar\u00e1 el s\u00e1bado 2 de mayo<\/p>\n","protected":false},"excerpt":{"rendered":"<p>El Municipio de Paso de los Libres informa que este viernes 1 de mayo no se prestar\u00e1 el servicio de recolecci\u00f3n de residuos en la ciudad, debido a la conmemoraci\u00f3n del D\u00eda del Trabajador. La medida se enmarca en la modalidad habitual de prestaci\u00f3n de servicios durante feriados. Se solicita a los vecinos evitar sacar [&hellip;]<\/p>\n","protected":false},"author":2,"featured_media":28415,"comment_status":"closed","ping_status":"open","sticky":false,"template":"","format":"standard","meta":{"footnotes":""},"categories":[5,194],"tags":[708],"class_list":{"0":"post-28412","1":"post","2":"type-post","3":"status-publish","4":"format-standard","5":"has-post-thumbnail","7":"category-locales","8":"category-noticias","9":"tag-bloque-1"},"_links":{"self":[{"href":"https:\/\/zoomproducciones.com.ar\/zoomp\/wp-json\/wp\/v2\/posts\/28412","targetHints":{"allow":["GET"]}}],"collection":[{"href":"https:\/\/zoomproducciones.com.ar\/zoomp\/wp-json\/wp\/v2\/posts"}],"about":[{"href":"https:\/\/zoomproducciones.com.ar\/zoomp\/wp-json\/wp\/v2\/types\/post"}],"author":[{"embeddable":true,"href":"https:\/\/zoomproducciones.com.ar\/zoomp\/wp-json\/wp\/v2\/users\/2"}],"replies":[{"embeddable":true,"href":"https:\/\/zoomproducciones.com.ar\/zoomp\/wp-json\/wp\/v2\/comments?post=28412"}],"version-history":[{"count":1,"href":"https:\/\/zoomproducciones.com.ar\/zoomp\/wp-json\/wp\/v2\/posts\/28412\/revisions"}],"predecessor-version":[{"id":28416,"href":"https:\/\/zoomproducciones.com.ar\/zoomp\/wp-json\/wp\/v2\/posts\/28412\/revisions\/28416"}],"wp:featuredmedia":[{"embeddable":true,"href":"https:\/\/zoomproducciones.com.ar\/zoomp\/wp-json\/wp\/v2\/media\/28415"}],"wp:attachment":[{"href":"https:\/\/zoomproducciones.com.ar\/zoomp\/wp-json\/wp\/v2\/media?parent=28412"}],"wp:term":[{"taxonomy":"category","embeddable":true,"href":"https:\/\/zoomproducciones.com.ar\/zoomp\/wp-json\/wp\/v2\/categories?post=28412"},{"taxonomy":"post_tag","embeddable":true,"href":"https:\/\/zoomproducciones.com.ar\/zoomp\/wp-json\/wp\/v2\/tags?post=28412"}],"curies":[{"name":"wp","href":"https:\/\/api.w.org\/{rel}","templated":true}]}}