{"id":28409,"date":"2026-04-28T12:52:45","date_gmt":"2026-04-28T15:52:45","guid":{"rendered":"https:\/\/zoomproducciones.com.ar\/zoomp\/?p=28409"},"modified":"2026-04-28T12:52:46","modified_gmt":"2026-04-28T15:52:46","slug":"la-virgen-de-itati-llegara-a-lujan-asi-sera-el-recorrido-y-los-detalles-del-viaje","status":"publish","type":"post","link":"https:\/\/zoomproducciones.com.ar\/zoomp\/la-virgen-de-itati-llegara-a-lujan-asi-sera-el-recorrido-y-los-detalles-del-viaje\/","title":{"rendered":"La Virgen de Itat\u00ed llegar\u00e1 a Luj\u00e1n: as\u00ed ser\u00e1 el recorrido y los detalles del viaje"},"content":{"rendered":"\n<p>La llegada de la\u00a0Virgen de Itat\u00ed a Resistencia<strong>\u00a0<\/strong>marcar\u00e1 un momento especial para los fieles de la regi\u00f3n. El arribo est\u00e1 previsto para el pr\u00f3ximo 5 de mayo, en el marco de la peregrinaci\u00f3n que culminar\u00e1 en la Bas\u00edlica de Luj\u00e1n.<\/p>\n\n\n\n<p>La imagen partir\u00e1 desde la localidad correntina de Itat\u00ed&nbsp;durante la ma\u00f1ana y se espera que llegue a la capital chaque\u00f1a cerca de las 17. Desde ah\u00ed, iniciar\u00e1 un recorrido por la ciudad que concluir\u00e1 con una misa central.<\/p>\n\n\n\n<h2 class=\"wp-block-heading\">Resistencia<\/h2>\n\n\n\n<ul class=\"wp-block-list\">\n<li>Llegada de la Virgen a la ciudad (17.00)<\/li>\n\n\n\n<li>Punto de inicio: rotonda de avenida Sarmiento y Ruta 16.<\/li>\n\n\n\n<li>Trayecto: avance por avenida Sarmiento hasta la plaza 25 de Mayo.<\/li>\n\n\n\n<li>Pasar\u00e1 frente a la Catedral de Resistencia y seguir\u00e1 el\u00a0recorrido por avenida 9 de Julio y avenida San Mart\u00edn.<\/li>\n\n\n\n<li>Destino: parroquia San Antonio de Padua (San Mart\u00edn 1250).<\/li>\n\n\n\n<li>Celebraci\u00f3n de la misa con presencia de la imagen (19.00).<\/li>\n<\/ul>\n\n\n\n<h2 class=\"wp-block-heading\">Camino hacia Luj\u00e1n<\/h2>\n\n\n\n<p>La actividad continuar\u00e1 el 6 de mayo, cuando a las 7 la comitiva comience el viaje hacia\u00a0<strong>Luj\u00e1n<\/strong>. En ese trayecto se incluye una parada en el Santuario Inmaculada Concepci\u00f3n de Barranqueras.<\/p>\n\n\n\n<p>El grupo arribar\u00e1 a Luj\u00e1n el 7 de mayo y permanecer\u00e1 hasta el d\u00eda siguiente. El 8 se realizar\u00e1 la<strong>&nbsp;conmemoraci\u00f3n de la Virgen de Luj\u00e1n,<\/strong>&nbsp;considerada la instancia principal de esta peregrinaci\u00f3n.<\/p>\n\n\n\n<p>El traslado se organiza con una camioneta para la imagen y una combi para los 26 fieles que participar\u00e1n del viaje.&nbsp;Desde la organizaci\u00f3n&nbsp;indicaron que a\u00fan hay cupos disponibles. Quienes deseen participar pueden acercarse a la parroquia San Antonio de Padua.<\/p>\n\n\n\n<p><br><\/p>\n","protected":false},"excerpt":{"rendered":"<p>La llegada de la\u00a0Virgen de Itat\u00ed a Resistencia\u00a0marcar\u00e1 un momento especial para los fieles de la regi\u00f3n. El arribo est\u00e1 previsto para el pr\u00f3ximo 5 de mayo, en el marco de la peregrinaci\u00f3n que culminar\u00e1 en la Bas\u00edlica de Luj\u00e1n. La imagen partir\u00e1 desde la localidad correntina de Itat\u00ed&nbsp;durante la ma\u00f1ana y se espera que [&hellip;]<\/p>\n","protected":false},"author":2,"featured_media":28410,"comment_status":"closed","ping_status":"open","sticky":false,"template":"","format":"standard","meta":{"footnotes":""},"categories":[6,194],"tags":[511],"class_list":{"0":"post-28409","1":"post","2":"type-post","3":"status-publish","4":"format-standard","5":"has-post-thumbnail","7":"category-infogral","8":"category-noticias","9":"tag-bloque-2"},"_links":{"self":[{"href":"https:\/\/zoomproducciones.com.ar\/zoomp\/wp-json\/wp\/v2\/posts\/28409","targetHints":{"allow":["GET"]}}],"collection":[{"href":"https:\/\/zoomproducciones.com.ar\/zoomp\/wp-json\/wp\/v2\/posts"}],"about":[{"href":"https:\/\/zoomproducciones.com.ar\/zoomp\/wp-json\/wp\/v2\/types\/post"}],"author":[{"embeddable":true,"href":"https:\/\/zoomproducciones.com.ar\/zoomp\/wp-json\/wp\/v2\/users\/2"}],"replies":[{"embeddable":true,"href":"https:\/\/zoomproducciones.com.ar\/zoomp\/wp-json\/wp\/v2\/comments?post=28409"}],"version-history":[{"count":1,"href":"https:\/\/zoomproducciones.com.ar\/zoomp\/wp-json\/wp\/v2\/posts\/28409\/revisions"}],"predecessor-version":[{"id":28411,"href":"https:\/\/zoomproducciones.com.ar\/zoomp\/wp-json\/wp\/v2\/posts\/28409\/revisions\/28411"}],"wp:featuredmedia":[{"embeddable":true,"href":"https:\/\/zoomproducciones.com.ar\/zoomp\/wp-json\/wp\/v2\/media\/28410"}],"wp:attachment":[{"href":"https:\/\/zoomproducciones.com.ar\/zoomp\/wp-json\/wp\/v2\/media?parent=28409"}],"wp:term":[{"taxonomy":"category","embeddable":true,"href":"https:\/\/zoomproducciones.com.ar\/zoomp\/wp-json\/wp\/v2\/categories?post=28409"},{"taxonomy":"post_tag","embeddable":true,"href":"https:\/\/zoomproducciones.com.ar\/zoomp\/wp-json\/wp\/v2\/tags?post=28409"}],"curies":[{"name":"wp","href":"https:\/\/api.w.org\/{rel}","templated":true}]}}