{"id":28401,"date":"2026-04-28T11:30:03","date_gmt":"2026-04-28T14:30:03","guid":{"rendered":"https:\/\/zoomproducciones.com.ar\/zoomp\/?p=28401"},"modified":"2026-04-28T11:30:05","modified_gmt":"2026-04-28T14:30:05","slug":"el-fin-del-veranito-cambiario","status":"publish","type":"post","link":"https:\/\/zoomproducciones.com.ar\/zoomp\/el-fin-del-veranito-cambiario\/","title":{"rendered":"El fin del \u201cveranito cambiario\u201d"},"content":{"rendered":"\n<p>El tipo de cambio minorista avanz\u00f3 $ 20 en el d\u00eda y toc\u00f3 su valor m\u00e1s alto en un mes, mientras suben el\u00a0<em>blue<\/em>\u00a0y el riesgo pa\u00eds.<br><br>El d\u00f3lar registr\u00f3 una suba este lunes y alcanz\u00f3 su valor m\u00e1s alto en un mes. El tipo de cambio minorista trep\u00f3 $ 20 y cerr\u00f3 en $ 1.440, impulsado por un mayorista que super\u00f3 los $ 1.400 y finaliz\u00f3 en $ 1.417.<\/p>\n\n\n\n<p>En C\u00f3rdoba, el d\u00f3lar blue tambi\u00e9n mostr\u00f3 un movimiento alcista. Al cierre de la jornada, cotiz\u00f3 en $ 1.414 para la compra y $ 1.445 para la venta, seg\u00fan operadores del mercado. La suba fue de $ 10.<\/p>\n\n\n\n<p>Con estos movimientos, el d\u00f3lar acumula un incremento de 2,5% en abril, a falta de tres d\u00edas para el cierre del mes, por debajo de lo que ser\u00eda la inflaci\u00f3n del mes.<\/p>\n\n\n\n<p>El avance del tipo de cambio se da tras varias semanas de relativa estabilidad. Hace dos semanas, el d\u00f3lar hab\u00eda registrado su valor m\u00e1s bajo desde octubre.<\/p>\n\n\n\n<h2 class=\"wp-block-heading\">Brecha cambiaria y d\u00f3lares financieros<\/h2>\n\n\n\n<p>La suba del d\u00f3lar tambi\u00e9n se reflej\u00f3 en los tipos de cambio financieros. El contado con liquidaci\u00f3n (CCL) se ubica en torno a $ 1.522,4.<\/p>\n\n\n\n<p>De esta manera, la diferencia con el d\u00f3lar mayorista se ampl\u00eda a aproximadamente $ 105, lo que representa una brecha cercana al 7%.<\/p>\n\n\n\n<p>El movimiento de los distintos tipos de cambio se produce en un contexto de ajustes en el mercado financiero local.<\/p>\n\n\n\n<h2 class=\"wp-block-heading\">Tasas, pesos y din\u00e1mica del mercado<\/h2>\n\n\n\n<p>Analistas del mercado vinculan la suba del d\u00f3lar con la reciente baja de tasas en pesos, que reduce el rendimiento de las colocaciones en moneda local.<\/p>\n\n\n\n<p>Entre las medidas adoptadas se encuentra la reducci\u00f3n de encajes bancarios y la colocaci\u00f3n de instrumentos en pesos, orientadas a ordenar la liquidez.<\/p>\n\n\n\n<p>En ese marco, el Ministerio de Econom\u00eda prev\u00e9 realizar una nueva licitaci\u00f3n de deuda ma\u00f1ana.<\/p>\n\n\n\n<p>El comportamiento del tipo de cambio se da en un mes en el que tambi\u00e9n aumenta la oferta de divisas por la liquidaci\u00f3n de la cosecha.<\/p>\n\n\n\n<h2 class=\"wp-block-heading\">Mercados y activos<\/h2>\n\n\n\n<p>En el frente financiero, el riesgo pa\u00eds se ubic\u00f3 en 582 puntos b\u00e1sicos durante la jornada, de acuerdo con la medici\u00f3n de JP Morgan.<\/p>\n\n\n\n<p>El indicador mostr\u00f3 una variaci\u00f3n diaria, en l\u00ednea con el comportamiento de los bonos soberanos en los mercados internacionales. Por su parte, el \u00edndice Merval registr\u00f3 una suba del 0,9% en la rueda.<\/p>\n","protected":false},"excerpt":{"rendered":"<p>El tipo de cambio minorista avanz\u00f3 $ 20 en el d\u00eda y toc\u00f3 su valor m\u00e1s alto en un mes, mientras suben el\u00a0blue\u00a0y el riesgo pa\u00eds. El d\u00f3lar registr\u00f3 una suba este lunes y alcanz\u00f3 su valor m\u00e1s alto en un mes. El tipo de cambio minorista trep\u00f3 $ 20 y cerr\u00f3 en $ 1.440, [&hellip;]<\/p>\n","protected":false},"author":4,"featured_media":28402,"comment_status":"closed","ping_status":"open","sticky":false,"template":"","format":"standard","meta":{"footnotes":""},"categories":[536,8,194],"tags":[708],"class_list":{"0":"post-28401","1":"post","2":"type-post","3":"status-publish","4":"format-standard","5":"has-post-thumbnail","7":"category-economia","8":"category-nacionales","9":"category-noticias","10":"tag-bloque-1"},"_links":{"self":[{"href":"https:\/\/zoomproducciones.com.ar\/zoomp\/wp-json\/wp\/v2\/posts\/28401","targetHints":{"allow":["GET"]}}],"collection":[{"href":"https:\/\/zoomproducciones.com.ar\/zoomp\/wp-json\/wp\/v2\/posts"}],"about":[{"href":"https:\/\/zoomproducciones.com.ar\/zoomp\/wp-json\/wp\/v2\/types\/post"}],"author":[{"embeddable":true,"href":"https:\/\/zoomproducciones.com.ar\/zoomp\/wp-json\/wp\/v2\/users\/4"}],"replies":[{"embeddable":true,"href":"https:\/\/zoomproducciones.com.ar\/zoomp\/wp-json\/wp\/v2\/comments?post=28401"}],"version-history":[{"count":1,"href":"https:\/\/zoomproducciones.com.ar\/zoomp\/wp-json\/wp\/v2\/posts\/28401\/revisions"}],"predecessor-version":[{"id":28403,"href":"https:\/\/zoomproducciones.com.ar\/zoomp\/wp-json\/wp\/v2\/posts\/28401\/revisions\/28403"}],"wp:featuredmedia":[{"embeddable":true,"href":"https:\/\/zoomproducciones.com.ar\/zoomp\/wp-json\/wp\/v2\/media\/28402"}],"wp:attachment":[{"href":"https:\/\/zoomproducciones.com.ar\/zoomp\/wp-json\/wp\/v2\/media?parent=28401"}],"wp:term":[{"taxonomy":"category","embeddable":true,"href":"https:\/\/zoomproducciones.com.ar\/zoomp\/wp-json\/wp\/v2\/categories?post=28401"},{"taxonomy":"post_tag","embeddable":true,"href":"https:\/\/zoomproducciones.com.ar\/zoomp\/wp-json\/wp\/v2\/tags?post=28401"}],"curies":[{"name":"wp","href":"https:\/\/api.w.org\/{rel}","templated":true}]}}