{"id":28399,"date":"2026-04-28T10:57:43","date_gmt":"2026-04-28T13:57:43","guid":{"rendered":"https:\/\/zoomproducciones.com.ar\/zoomp\/?p=28399"},"modified":"2026-04-28T10:57:44","modified_gmt":"2026-04-28T13:57:44","slug":"comenzo-el-juicio-oral-por-el-crimen-de-jorge-duarte","status":"publish","type":"post","link":"https:\/\/zoomproducciones.com.ar\/zoomp\/comenzo-el-juicio-oral-por-el-crimen-de-jorge-duarte\/","title":{"rendered":"Comenz\u00f3 el juicio oral por el crimen de Jorge Duarte"},"content":{"rendered":"\n<p>En la primera audiencia el abogado defensor de Andrea Franco, junto con la defensa de Federico Duarte, pidieron la nulidad del juicio. Sin embargo, el tribunal l Tribunal de juicio, presidido por el Dr. Marcelo Pardo, rechaz\u00f3 la pretensi\u00f3n por considerar que \u201cdebi\u00f3 resolverse en etapas anteriores\u201d.<\/p>\n\n\n\n<p>Ayer lunes, 27 de abril, tal como estaba previsto, a las 8 de la ma\u00f1ana, inici\u00f3 el juicio oral y p\u00fablico, contra, Federico Duarte y Andrea Franco, acusados del delito \u201cHomicidio doblemente agravado por la premeditaci\u00f3n y el ensa\u00f1amiento\u201d, cuya victima fuera Jorge Duarte.<\/p>\n\n\n\n<p>En la sala de audiencias del Tribunal, estuvieron presentes, los dos imputados; el Dr. Jonatan Biaut, que ejerce la defensa t\u00e9cnica de Federico Duarte; el Dr. Rodrigo Olivera Mansilla, defensor de Andrea Franco. El Fiscal de Juicio, el Dr. Facundo Sotelo y la querella representada por el Dr. Fernando Colunga.<\/p>\n\n\n\n<p>El Tribunal de Juicio, es presidido por el Dr. Marcelo Pardo, acompa\u00f1ado por el Dr. Marcelo Fleitas y Juez sub-rogante, Dr. Isidro Quevedo, todos ellos asistidos por el Dr. Ram\u00f3n Nieves.<\/p>\n\n\n\n<p>Antes de realizar los alegatos de apertura, el Dr. Olivera, plante\u00f3 ante el Tribunal, que se declare \u201cel proceso nulo, de nulidad absoluta\u201d, ya que consider\u00f3 \u201cque el allanamiento en la vivienda de Federico Duarte, fue ilegal, sin la orden correspondiente del Juez de Garant\u00edas y con conocimiento de ese actuaci\u00f3n, por parte del se\u00f1or Fiscal\u201d. A\u00f1adi\u00f3 que el hecho, afecta el derecho de defensa y pidi\u00f3 que se revoque la acusaci\u00f3n.<br>El Dr. Biaut, adhiri\u00f3 al planteo de Olivera.<\/p>\n\n\n\n<p>El Fiscal Sotelo, se opuso a lo expuesto y solicitado por la defensa, argumentando que \u201cya tuvo tiempo de plantearla en el curso de la investigaci\u00f3n penal preparatoria\u201d. Neg\u00f3 que se hubiera hecho un allanamiento y dijo que esa actuaci\u00f3n policial, se trat\u00f3 de \u201cuna inspecci\u00f3n ocular, un registro\u201d. El funcionario judicial, enfatiz\u00f3 \u201cno tiene raz\u00f3n de ser el pedido de la defensa, y no afecta ninguna garant\u00eda, ni derecho de defensa\u201d. La querella, se pleg\u00f3 a los dichos de Sotelo.<\/p>\n\n\n\n<p>Tras escuchar los argumentos, de las partes, el juez Pardo, rechaz\u00f3 la pretensi\u00f3n de Olivera y expres\u00f3 que \u201ctodas las cuestiones preliminares, que consideren que afectan el derecho de defensa, se deben resolver en las etapas anteriores\u201d y agreg\u00f3 \u201cla prueba super\u00f3 la audiencia de control, es decir que ya fue admitida\u201d. Como consecuencia, el debate continu\u00f3.<\/p>\n\n\n\n<p>Ya en los alegatos de apertura, el Dr. Colunga, asever\u00f3 \u201clo \u00fanico que no se pudo probar es la motivaci\u00f3n del hecho, pero s\u00ed la responsabilidad penal de los acusados\u201d.<\/p>\n\n\n\n<p>El defensor de Federico Duarte, sostuvo \u201cesta defensa va demostrar que los motivos de esos presupuestos no se dan para los agravantes de premeditaci\u00f3n, ensa\u00f1amiento y alevos\u00eda\u201d.<\/p>\n\n\n\n<p>Por su parte, Olivera, manifest\u00f3 en su alegato \u201cvoy a demostrar que mi clienta, no tuvo ninguna participaci\u00f3n en el crimen, ni estuvo en el lugar del hecho\u201d.<\/p>\n\n\n\n<p>En la jornada de ayer, tambi\u00e9n declararon, los familiares de la v\u00edctima, padre, madre y dos hermanos.<\/p>\n\n\n\n<p>Hoy prosigui\u00f3 el debate. Si se cumplen de manera rigurosa las audiencias, los alegatos ser\u00e1n el 4 de mayo y ese mismo d\u00eda se conocer\u00eda el veredicto de culpabilidad o inocencia.<\/p>\n\n\n\n<p>Lo ocurrido seg\u00fan la acusaci\u00f3n fiscal<\/p>\n\n\n\n<p>Jorge Duarte, fue hallado sin vida y enterrado en el fondo de una vivienda de Paso de los Libres, entre calles, Mercedes Franco y Brasil, el 8 de julio del a\u00f1o pasado, con golpes en su cabeza y otras heridas en su cuerpo.<\/p>\n\n\n\n<p>Seg\u00fan estimaciones, la muerte, databa de la madrugada del s\u00e1bado 6 de julio (dos d\u00edas antes de ser hallado).<\/p>\n\n\n\n<p>Tras r\u00e1pidas investigaciones, la polic\u00eda de Corrientes, pudo atrapar en la localidad de Monte Caseros, tanto a Federico Duarte como a Andrea Franco.<\/p>\n\n\n\n<p>Por Ignacio Villanueva<\/p>\n","protected":false},"excerpt":{"rendered":"<p>En la primera audiencia el abogado defensor de Andrea Franco, junto con la defensa de Federico Duarte, pidieron la nulidad del juicio. Sin embargo, el tribunal l Tribunal de juicio, presidido por el Dr. Marcelo Pardo, rechaz\u00f3 la pretensi\u00f3n por considerar que \u201cdebi\u00f3 resolverse en etapas anteriores\u201d. Ayer lunes, 27 de abril, tal como estaba [&hellip;]<\/p>\n","protected":false},"author":2,"featured_media":28028,"comment_status":"closed","ping_status":"open","sticky":false,"template":"","format":"standard","meta":{"footnotes":""},"categories":[720,5,194],"tags":[708],"class_list":{"0":"post-28399","1":"post","2":"type-post","3":"status-publish","4":"format-standard","5":"has-post-thumbnail","7":"category-judiciales-locales","8":"category-locales","9":"category-noticias","10":"tag-bloque-1"},"_links":{"self":[{"href":"https:\/\/zoomproducciones.com.ar\/zoomp\/wp-json\/wp\/v2\/posts\/28399","targetHints":{"allow":["GET"]}}],"collection":[{"href":"https:\/\/zoomproducciones.com.ar\/zoomp\/wp-json\/wp\/v2\/posts"}],"about":[{"href":"https:\/\/zoomproducciones.com.ar\/zoomp\/wp-json\/wp\/v2\/types\/post"}],"author":[{"embeddable":true,"href":"https:\/\/zoomproducciones.com.ar\/zoomp\/wp-json\/wp\/v2\/users\/2"}],"replies":[{"embeddable":true,"href":"https:\/\/zoomproducciones.com.ar\/zoomp\/wp-json\/wp\/v2\/comments?post=28399"}],"version-history":[{"count":1,"href":"https:\/\/zoomproducciones.com.ar\/zoomp\/wp-json\/wp\/v2\/posts\/28399\/revisions"}],"predecessor-version":[{"id":28400,"href":"https:\/\/zoomproducciones.com.ar\/zoomp\/wp-json\/wp\/v2\/posts\/28399\/revisions\/28400"}],"wp:featuredmedia":[{"embeddable":true,"href":"https:\/\/zoomproducciones.com.ar\/zoomp\/wp-json\/wp\/v2\/media\/28028"}],"wp:attachment":[{"href":"https:\/\/zoomproducciones.com.ar\/zoomp\/wp-json\/wp\/v2\/media?parent=28399"}],"wp:term":[{"taxonomy":"category","embeddable":true,"href":"https:\/\/zoomproducciones.com.ar\/zoomp\/wp-json\/wp\/v2\/categories?post=28399"},{"taxonomy":"post_tag","embeddable":true,"href":"https:\/\/zoomproducciones.com.ar\/zoomp\/wp-json\/wp\/v2\/tags?post=28399"}],"curies":[{"name":"wp","href":"https:\/\/api.w.org\/{rel}","templated":true}]}}