{"id":28393,"date":"2026-04-28T10:29:40","date_gmt":"2026-04-28T13:29:40","guid":{"rendered":"https:\/\/zoomproducciones.com.ar\/zoomp\/?p=28393"},"modified":"2026-04-28T10:29:41","modified_gmt":"2026-04-28T13:29:41","slug":"el-municipio-concreto-la-construccion-de-40-nichos-para-ex-combatientes-de-malvinas","status":"publish","type":"post","link":"https:\/\/zoomproducciones.com.ar\/zoomp\/el-municipio-concreto-la-construccion-de-40-nichos-para-ex-combatientes-de-malvinas\/","title":{"rendered":"El Municipio concret\u00f3 la construcci\u00f3n de 40 nichos para ex combatientes de Malvinas"},"content":{"rendered":"\n<p>Este lunes 27 de abril, el Municipio de Paso de los Libres inaugur\u00f3 40 nichos destinados a ex combatientes de Malvinas en el Cementerio Municipal Santa Cruz.<\/p>\n\n\n\n<p>El acto fue encabezado por el intendente Agust\u00edn Faraldo, junto a concejales, integrantes del gabinete municipal y ex combatientes de Malvinas, en una jornada que marc\u00f3 la concreci\u00f3n de una obra significativa.<\/p>\n\n\n\n<p>Se trata de un proyecto aprobado mediante la Ordenanza N\u00ba 1558\/22 que durante a\u00f1os no registr\u00f3 avances y que fue ejecutado por la actual gesti\u00f3n en sus primeros meses, avanzando en una iniciativa que hab\u00eda quedado pendiente. La propuesta hab\u00eda sido impulsada por la concejal Mar\u00eda del Carmen \u201cGoia\u201d Danuzzo y el ex concejal Ra\u00fal Tarabini, con el acompa\u00f1amiento del presidente del Centro de Ex Soldados Combatientes en Malvinas, Roberto Ghelardi.<\/p>\n\n\n\n<p>La obra permite dar respuesta a una demanda concreta, garantizando un espacio digno para los ex combatientes y reconociendo su lugar en la historia.<\/p>\n\n\n\n<p>Con esta intervenci\u00f3n, el Municipio concreta una obra esperada y avanza en pol\u00edticas de memoria y reconocimien<\/p>\n","protected":false},"excerpt":{"rendered":"<p>Este lunes 27 de abril, el Municipio de Paso de los Libres inaugur\u00f3 40 nichos destinados a ex combatientes de Malvinas en el Cementerio Municipal Santa Cruz. El acto fue encabezado por el intendente Agust\u00edn Faraldo, junto a concejales, integrantes del gabinete municipal y ex combatientes de Malvinas, en una jornada que marc\u00f3 la concreci\u00f3n [&hellip;]<\/p>\n","protected":false},"author":2,"featured_media":28394,"comment_status":"closed","ping_status":"open","sticky":false,"template":"","format":"standard","meta":{"footnotes":""},"categories":[5,194],"tags":[511],"class_list":{"0":"post-28393","1":"post","2":"type-post","3":"status-publish","4":"format-standard","5":"has-post-thumbnail","7":"category-locales","8":"category-noticias","9":"tag-bloque-2"},"_links":{"self":[{"href":"https:\/\/zoomproducciones.com.ar\/zoomp\/wp-json\/wp\/v2\/posts\/28393","targetHints":{"allow":["GET"]}}],"collection":[{"href":"https:\/\/zoomproducciones.com.ar\/zoomp\/wp-json\/wp\/v2\/posts"}],"about":[{"href":"https:\/\/zoomproducciones.com.ar\/zoomp\/wp-json\/wp\/v2\/types\/post"}],"author":[{"embeddable":true,"href":"https:\/\/zoomproducciones.com.ar\/zoomp\/wp-json\/wp\/v2\/users\/2"}],"replies":[{"embeddable":true,"href":"https:\/\/zoomproducciones.com.ar\/zoomp\/wp-json\/wp\/v2\/comments?post=28393"}],"version-history":[{"count":1,"href":"https:\/\/zoomproducciones.com.ar\/zoomp\/wp-json\/wp\/v2\/posts\/28393\/revisions"}],"predecessor-version":[{"id":28395,"href":"https:\/\/zoomproducciones.com.ar\/zoomp\/wp-json\/wp\/v2\/posts\/28393\/revisions\/28395"}],"wp:featuredmedia":[{"embeddable":true,"href":"https:\/\/zoomproducciones.com.ar\/zoomp\/wp-json\/wp\/v2\/media\/28394"}],"wp:attachment":[{"href":"https:\/\/zoomproducciones.com.ar\/zoomp\/wp-json\/wp\/v2\/media?parent=28393"}],"wp:term":[{"taxonomy":"category","embeddable":true,"href":"https:\/\/zoomproducciones.com.ar\/zoomp\/wp-json\/wp\/v2\/categories?post=28393"},{"taxonomy":"post_tag","embeddable":true,"href":"https:\/\/zoomproducciones.com.ar\/zoomp\/wp-json\/wp\/v2\/tags?post=28393"}],"curies":[{"name":"wp","href":"https:\/\/api.w.org\/{rel}","templated":true}]}}