{"id":28374,"date":"2026-04-27T10:48:07","date_gmt":"2026-04-27T13:48:07","guid":{"rendered":"https:\/\/zoomproducciones.com.ar\/zoomp\/?p=28374"},"modified":"2026-04-27T10:48:08","modified_gmt":"2026-04-27T13:48:08","slug":"llego-el-frio-como-estara-la-semana-en-paso-de-los-libres","status":"publish","type":"post","link":"https:\/\/zoomproducciones.com.ar\/zoomp\/llego-el-frio-como-estara-la-semana-en-paso-de-los-libres\/","title":{"rendered":"Llego el fr\u00edo \u00bfc\u00f3mo estar\u00e1 la semana en Paso de los Libres?"},"content":{"rendered":"\n<p>El viento sur ser hizo sentir en la ma\u00f1ana del lunes. Las temperaturas bajaron 8 grados promedio desde el fin de semana. Se espera que las m\u00ednimas se eleven para el fin de semana.<\/p>\n\n\n\n<p>Arranc\u00f3 el fr\u00edo pero no se sabe hasta cu\u00e1ndo. En nuestra ciudad se vivi\u00f3 una m\u00ednima de 6 grados, por debajo de lo anunciado por el Servicio Meteorol\u00f3gico Nacional. Sin embargo, a pesar de que continuar\u00e1 frio unos d\u00edas m\u00e1s, se espera que el fin de semana ya se sientan temperaturas de entre 16 y 27 grados. <\/p>\n\n\n\n<p>\u00bfLa mala noticia? El aumento de temperatura puede traer lluvias. <\/p>\n","protected":false},"excerpt":{"rendered":"<p>El viento sur ser hizo sentir en la ma\u00f1ana del lunes. Las temperaturas bajaron 8 grados promedio desde el fin de semana. Se espera que las m\u00ednimas se eleven para el fin de semana. Arranc\u00f3 el fr\u00edo pero no se sabe hasta cu\u00e1ndo. En nuestra ciudad se vivi\u00f3 una m\u00ednima de 6 grados, por debajo [&hellip;]<\/p>\n","protected":false},"author":2,"featured_media":28375,"comment_status":"closed","ping_status":"open","sticky":false,"template":"","format":"standard","meta":{"footnotes":""},"categories":[5,194],"tags":[708],"class_list":{"0":"post-28374","1":"post","2":"type-post","3":"status-publish","4":"format-standard","5":"has-post-thumbnail","7":"category-locales","8":"category-noticias","9":"tag-bloque-1"},"_links":{"self":[{"href":"https:\/\/zoomproducciones.com.ar\/zoomp\/wp-json\/wp\/v2\/posts\/28374","targetHints":{"allow":["GET"]}}],"collection":[{"href":"https:\/\/zoomproducciones.com.ar\/zoomp\/wp-json\/wp\/v2\/posts"}],"about":[{"href":"https:\/\/zoomproducciones.com.ar\/zoomp\/wp-json\/wp\/v2\/types\/post"}],"author":[{"embeddable":true,"href":"https:\/\/zoomproducciones.com.ar\/zoomp\/wp-json\/wp\/v2\/users\/2"}],"replies":[{"embeddable":true,"href":"https:\/\/zoomproducciones.com.ar\/zoomp\/wp-json\/wp\/v2\/comments?post=28374"}],"version-history":[{"count":1,"href":"https:\/\/zoomproducciones.com.ar\/zoomp\/wp-json\/wp\/v2\/posts\/28374\/revisions"}],"predecessor-version":[{"id":28376,"href":"https:\/\/zoomproducciones.com.ar\/zoomp\/wp-json\/wp\/v2\/posts\/28374\/revisions\/28376"}],"wp:featuredmedia":[{"embeddable":true,"href":"https:\/\/zoomproducciones.com.ar\/zoomp\/wp-json\/wp\/v2\/media\/28375"}],"wp:attachment":[{"href":"https:\/\/zoomproducciones.com.ar\/zoomp\/wp-json\/wp\/v2\/media?parent=28374"}],"wp:term":[{"taxonomy":"category","embeddable":true,"href":"https:\/\/zoomproducciones.com.ar\/zoomp\/wp-json\/wp\/v2\/categories?post=28374"},{"taxonomy":"post_tag","embeddable":true,"href":"https:\/\/zoomproducciones.com.ar\/zoomp\/wp-json\/wp\/v2\/tags?post=28374"}],"curies":[{"name":"wp","href":"https:\/\/api.w.org\/{rel}","templated":true}]}}