{"id":2508,"date":"2023-01-05T10:57:38","date_gmt":"2023-01-05T13:57:38","guid":{"rendered":"http:\/\/zoomproducciones.com.ar\/zoomp\/?p=2508"},"modified":"2023-01-05T10:57:39","modified_gmt":"2023-01-05T13:57:39","slug":"caso-baez-sosa-hoy-declara-la-joven-que-intento-reanimar-a-fernando","status":"publish","type":"post","link":"https:\/\/zoomproducciones.com.ar\/zoomp\/caso-baez-sosa-hoy-declara-la-joven-que-intento-reanimar-a-fernando\/","title":{"rendered":"Caso Ba\u00e9z Sosa: hoy declara la joven que intent\u00f3 reanimar a Fernando"},"content":{"rendered":"\n<p>Hoy se llevar\u00e1 a cabo la cuarta jornada del juicio a los ocho rugbiers imputados por matar a Fernando B\u00e1ez Sosa. Hoy participar\u00e1n de los testimonios los polic\u00edas que intervinieron minutos despu\u00e9s de la agresi\u00f3n; dos comerciantes; y la joven que intent\u00f3 revivir a Fernando luego de la agresi\u00f3n.<\/p>\n\n\n\n<p>En este jueves, ante el Tribunal Oral Criminal de Dolores, declarar\u00e1n los cuatro efectivos policiales que llegaron minutos despu\u00e9s de que Fernando haya sido atacado.<\/p>\n\n\n\n<p>Luego lo har\u00e1 la joven de Villa Gesell que le practic\u00f3 maniobras de reanimaci\u00f3n cardiopulmonar a la v\u00edctima.<\/p>\n\n\n\n<p>Adem\u00e1s, van a declarar tres testigos oculares del ataque: un taxista, un joven que estaba en un bar y un trabajador de un kiosko.<\/p>\n\n\n\n<p>Y los ocho imputados -M\u00e1ximo Thomsen (23), Enzo Comelli (22), Mat\u00edas Benicelli (23), Blas Cinalli (21), Ayrton Viollaz (23), y Luciano (21), Ciro (22) y Lucas Pertossi (23)- tambi\u00e9n estar\u00e1n presentes, al igual que desde la apertura del debate oral. <\/p>\n","protected":false},"excerpt":{"rendered":"<p>Hoy se llevar\u00e1 a cabo la cuarta jornada del juicio a los ocho rugbiers imputados por matar a Fernando B\u00e1ez Sosa. Hoy participar\u00e1n de los testimonios los polic\u00edas que intervinieron minutos despu\u00e9s de la agresi\u00f3n; dos comerciantes; y la joven que intent\u00f3 revivir a Fernando luego de la agresi\u00f3n. En este jueves, ante el Tribunal [&hellip;]<\/p>\n","protected":false},"author":2,"featured_media":0,"comment_status":"closed","ping_status":"open","sticky":false,"template":"","format":"standard","meta":{"footnotes":""},"categories":[6],"tags":[118,42,331,122],"class_list":{"0":"post-2508","1":"post","2":"type-post","3":"status-publish","4":"format-standard","6":"category-infogral","7":"tag-argentina","8":"tag-featured","9":"tag-fernando-baez-sosa-2","10":"tag-policiales"},"_links":{"self":[{"href":"https:\/\/zoomproducciones.com.ar\/zoomp\/wp-json\/wp\/v2\/posts\/2508","targetHints":{"allow":["GET"]}}],"collection":[{"href":"https:\/\/zoomproducciones.com.ar\/zoomp\/wp-json\/wp\/v2\/posts"}],"about":[{"href":"https:\/\/zoomproducciones.com.ar\/zoomp\/wp-json\/wp\/v2\/types\/post"}],"author":[{"embeddable":true,"href":"https:\/\/zoomproducciones.com.ar\/zoomp\/wp-json\/wp\/v2\/users\/2"}],"replies":[{"embeddable":true,"href":"https:\/\/zoomproducciones.com.ar\/zoomp\/wp-json\/wp\/v2\/comments?post=2508"}],"version-history":[{"count":1,"href":"https:\/\/zoomproducciones.com.ar\/zoomp\/wp-json\/wp\/v2\/posts\/2508\/revisions"}],"predecessor-version":[{"id":2510,"href":"https:\/\/zoomproducciones.com.ar\/zoomp\/wp-json\/wp\/v2\/posts\/2508\/revisions\/2510"}],"wp:attachment":[{"href":"https:\/\/zoomproducciones.com.ar\/zoomp\/wp-json\/wp\/v2\/media?parent=2508"}],"wp:term":[{"taxonomy":"category","embeddable":true,"href":"https:\/\/zoomproducciones.com.ar\/zoomp\/wp-json\/wp\/v2\/categories?post=2508"},{"taxonomy":"post_tag","embeddable":true,"href":"https:\/\/zoomproducciones.com.ar\/zoomp\/wp-json\/wp\/v2\/tags?post=2508"}],"curies":[{"name":"wp","href":"https:\/\/api.w.org\/{rel}","templated":true}]}}