{"id":2504,"date":"2023-01-05T10:42:23","date_gmt":"2023-01-05T13:42:23","guid":{"rendered":"http:\/\/zoomproducciones.com.ar\/zoomp\/?p=2504"},"modified":"2023-01-05T10:42:23","modified_gmt":"2023-01-05T13:42:23","slug":"municipio-invita-a-puestos-de-comida-para-la-cororacion-del-grupo-popular","status":"publish","type":"post","link":"https:\/\/zoomproducciones.com.ar\/zoomp\/municipio-invita-a-puestos-de-comida-para-la-cororacion-del-grupo-popular\/","title":{"rendered":"Municipio invita a puestos de comida para la Cororaci\u00f3n del Grupo Popular"},"content":{"rendered":"\n<p>El Municipio public\u00f3 invitaciones para aquellos trabajadores y trabajadoras del rubro gastron\u00f3mico que quieran participar de Coronaci\u00f3n del Grupo Popular. El evento se realizar\u00e1 el pr\u00f3ximo 8 de enero en plaza del Bicentenario.<\/p>\n\n\n\n<p>Los interesados deber\u00e1n reservar su lugar comunic\u00e1ndose al 3772641032 o escaneando el c\u00f3digo QR que figura en la imagen digital.<\/p>\n\n\n\n<p>Los requisitos son: <\/p>\n\n\n\n<p>-Contar con libreta sanitaria.<\/p>\n\n\n\n<p> -Infraestructura propia.<\/p>\n\n\n\n<figure class=\"wp-block-image size-full\"><a href=\"http:\/\/zoomproducciones.com.ar\/zoomp\/wp-content\/uploads\/2023\/01\/image-2.png\"><img decoding=\"async\" src=\"http:\/\/zoomproducciones.com.ar\/zoomp\/wp-content\/uploads\/2023\/01\/image-2.png\" alt=\"\" class=\"wp-image-2505\"\/><\/a><\/figure>\n","protected":false},"excerpt":{"rendered":"<p>El Municipio public\u00f3 invitaciones para aquellos trabajadores y trabajadoras del rubro gastron\u00f3mico que quieran participar de Coronaci\u00f3n del Grupo Popular. El evento se realizar\u00e1 el pr\u00f3ximo 8 de enero en plaza del Bicentenario. Los interesados deber\u00e1n reservar su lugar comunic\u00e1ndose al 3772641032 o escaneando el c\u00f3digo QR que figura en la imagen digital. Los requisitos [&hellip;]<\/p>\n","protected":false},"author":2,"featured_media":0,"comment_status":"closed","ping_status":"open","sticky":false,"template":"","format":"standard","meta":{"footnotes":""},"categories":[195],"tags":[140,42,116],"class_list":{"0":"post-2504","1":"post","2":"type-post","3":"status-publish","4":"format-standard","6":"category-carnaval","7":"tag-carnaval-2023","8":"tag-featured","9":"tag-paso-de-los-libres"},"_links":{"self":[{"href":"https:\/\/zoomproducciones.com.ar\/zoomp\/wp-json\/wp\/v2\/posts\/2504","targetHints":{"allow":["GET"]}}],"collection":[{"href":"https:\/\/zoomproducciones.com.ar\/zoomp\/wp-json\/wp\/v2\/posts"}],"about":[{"href":"https:\/\/zoomproducciones.com.ar\/zoomp\/wp-json\/wp\/v2\/types\/post"}],"author":[{"embeddable":true,"href":"https:\/\/zoomproducciones.com.ar\/zoomp\/wp-json\/wp\/v2\/users\/2"}],"replies":[{"embeddable":true,"href":"https:\/\/zoomproducciones.com.ar\/zoomp\/wp-json\/wp\/v2\/comments?post=2504"}],"version-history":[{"count":1,"href":"https:\/\/zoomproducciones.com.ar\/zoomp\/wp-json\/wp\/v2\/posts\/2504\/revisions"}],"predecessor-version":[{"id":2507,"href":"https:\/\/zoomproducciones.com.ar\/zoomp\/wp-json\/wp\/v2\/posts\/2504\/revisions\/2507"}],"wp:attachment":[{"href":"https:\/\/zoomproducciones.com.ar\/zoomp\/wp-json\/wp\/v2\/media?parent=2504"}],"wp:term":[{"taxonomy":"category","embeddable":true,"href":"https:\/\/zoomproducciones.com.ar\/zoomp\/wp-json\/wp\/v2\/categories?post=2504"},{"taxonomy":"post_tag","embeddable":true,"href":"https:\/\/zoomproducciones.com.ar\/zoomp\/wp-json\/wp\/v2\/tags?post=2504"}],"curies":[{"name":"wp","href":"https:\/\/api.w.org\/{rel}","templated":true}]}}