{"id":24155,"date":"2025-09-26T09:14:35","date_gmt":"2025-09-26T12:14:35","guid":{"rendered":"https:\/\/zoomproducciones.com.ar\/zoomp\/?p=24155"},"modified":"2025-09-26T09:14:36","modified_gmt":"2025-09-26T12:14:36","slug":"la-pobreza-cayo-al-316-en-el-primer-semestre-y-marco-el-nivel-mas-bajo-desde-2018","status":"publish","type":"post","link":"https:\/\/zoomproducciones.com.ar\/zoomp\/la-pobreza-cayo-al-316-en-el-primer-semestre-y-marco-el-nivel-mas-bajo-desde-2018\/","title":{"rendered":"La pobreza cay\u00f3 al 31,6% en el primer semestre y marc\u00f3 el nivel m\u00e1s bajo desde 2018"},"content":{"rendered":"\n<p>El <strong>Instituto Nacional de Estad\u00edstica y Censos (Indec)<\/strong> inform\u00f3 este jueves que la pobreza en Argentina se redujo al <strong>31,6% de la poblaci\u00f3n<\/strong> durante el primer semestre de 2025, lo que representa una baja de <strong>6,5 puntos porcentuales<\/strong> respecto del per\u00edodo anterior. Se trata del valor m\u00e1s bajo registrado desde 2018, cuando hab\u00eda alcanzado el 27,3%.<\/p>\n\n\n\n<p>Un a\u00f1o atr\u00e1s, en el mismo semestre de 2024, la pobreza llegaba al 52,9%. Seg\u00fan el relevamiento, el <strong>24,1% de los hogares<\/strong> se encuentran bajo la l\u00ednea de pobreza, con un 6,9% de las personas en situaci\u00f3n de indigencia. En tanto, el <strong>5,6% de los hogares<\/strong> no logra cubrir siquiera la canasta b\u00e1sica alimentaria.<\/p>\n\n\n\n<p>En comparaci\u00f3n con el segundo semestre de 2024, la pobreza descendi\u00f3 <strong>4,5 puntos en hogares<\/strong> y <strong>6,5 puntos en personas<\/strong>, mientras que la indigencia mostr\u00f3 una reducci\u00f3n de <strong>0,8 y 1,3 puntos<\/strong>, respectivamente.<\/p>\n\n\n\n<p>El <strong>Centro de Econom\u00eda Pol\u00edtica Argentina (CEPA)<\/strong> analiz\u00f3 el impacto de estos datos de cara a la segunda mitad del a\u00f1o. En su informe advirti\u00f3 que, tras las elecciones legislativas, podr\u00eda producirse un \u201csalto discreto del tipo de cambio\u201d, lo que presionar\u00eda sobre los precios \u2014en especial de los alimentos\u2014 y pondr\u00eda en riesgo la tendencia descendente de la pobreza.<\/p>\n\n\n\n<p>\u201cSi los ingresos no logran acompa\u00f1ar el aumento del costo de vida, podr\u00eda darse un nuevo incremento en los niveles de pobreza e indigencia\u201d, concluy\u00f3 el estudio.<\/p>\n","protected":false},"excerpt":{"rendered":"<p>El Instituto Nacional de Estad\u00edstica y Censos (Indec) inform\u00f3 este jueves que la pobreza en Argentina se redujo al 31,6% de la poblaci\u00f3n durante el primer semestre de 2025, lo que representa una baja de 6,5 puntos porcentuales respecto del per\u00edodo anterior. Se trata del valor m\u00e1s bajo registrado desde 2018, cuando hab\u00eda alcanzado el [&hellip;]<\/p>\n","protected":false},"author":2,"featured_media":24156,"comment_status":"closed","ping_status":"open","sticky":false,"template":"","format":"standard","meta":{"footnotes":""},"categories":[8],"tags":[511],"class_list":{"0":"post-24155","1":"post","2":"type-post","3":"status-publish","4":"format-standard","5":"has-post-thumbnail","7":"category-nacionales","8":"tag-bloque-2"},"_links":{"self":[{"href":"https:\/\/zoomproducciones.com.ar\/zoomp\/wp-json\/wp\/v2\/posts\/24155","targetHints":{"allow":["GET"]}}],"collection":[{"href":"https:\/\/zoomproducciones.com.ar\/zoomp\/wp-json\/wp\/v2\/posts"}],"about":[{"href":"https:\/\/zoomproducciones.com.ar\/zoomp\/wp-json\/wp\/v2\/types\/post"}],"author":[{"embeddable":true,"href":"https:\/\/zoomproducciones.com.ar\/zoomp\/wp-json\/wp\/v2\/users\/2"}],"replies":[{"embeddable":true,"href":"https:\/\/zoomproducciones.com.ar\/zoomp\/wp-json\/wp\/v2\/comments?post=24155"}],"version-history":[{"count":1,"href":"https:\/\/zoomproducciones.com.ar\/zoomp\/wp-json\/wp\/v2\/posts\/24155\/revisions"}],"predecessor-version":[{"id":24157,"href":"https:\/\/zoomproducciones.com.ar\/zoomp\/wp-json\/wp\/v2\/posts\/24155\/revisions\/24157"}],"wp:featuredmedia":[{"embeddable":true,"href":"https:\/\/zoomproducciones.com.ar\/zoomp\/wp-json\/wp\/v2\/media\/24156"}],"wp:attachment":[{"href":"https:\/\/zoomproducciones.com.ar\/zoomp\/wp-json\/wp\/v2\/media?parent=24155"}],"wp:term":[{"taxonomy":"category","embeddable":true,"href":"https:\/\/zoomproducciones.com.ar\/zoomp\/wp-json\/wp\/v2\/categories?post=24155"},{"taxonomy":"post_tag","embeddable":true,"href":"https:\/\/zoomproducciones.com.ar\/zoomp\/wp-json\/wp\/v2\/tags?post=24155"}],"curies":[{"name":"wp","href":"https:\/\/api.w.org\/{rel}","templated":true}]}}