{"id":24126,"date":"2025-09-25T10:10:39","date_gmt":"2025-09-25T13:10:39","guid":{"rendered":"https:\/\/zoomproducciones.com.ar\/zoomp\/?p=24126"},"modified":"2025-09-25T10:10:40","modified_gmt":"2025-09-25T13:10:40","slug":"san-justo-despide-a-brenda-y-morena-victimas-del-triple-crimen-de-florencio-varela","status":"publish","type":"post","link":"https:\/\/zoomproducciones.com.ar\/zoomp\/san-justo-despide-a-brenda-y-morena-victimas-del-triple-crimen-de-florencio-varela\/","title":{"rendered":"San Justo despide a Brenda y Morena, v\u00edctimas del triple crimen de Florencio Varela"},"content":{"rendered":"\n<p>Este jueves por la tarde se realiza en San Justo el velatorio de Brenda Del Castillo y Morena Verdi, dos de las tres j\u00f3venes asesinadas en el triple crimen de Florencio Varela. Familiares, amigos y allegados convocaron a acompa\u00f1ar a las familias en la despedida y expresar apoyo en medio del dolor.<\/p>\n\n\n\n<p>Tras las autopsias realizadas, cuyos informes preliminares confirmaron las torturas sufridas por las v\u00edctimas, la Justicia autoriz\u00f3 la entrega de los cuerpos para que se concrete la ceremonia.<\/p>\n\n\n\n<p>El velatorio est\u00e1 previsto para este 25 de septiembre, de 14 a 18 horas, en Monse\u00f1or R. Bufano 2651 (ex Camino de Cintura), en la localidad de San Justo.<\/p>\n\n\n\n<p>\u201cCon el coraz\u00f3n lleno de tristeza, invitamos a familiares y amigos a dar el \u00faltimo adi\u00f3s a Morena y Brenda y acompa\u00f1ar a la familia en este doloroso momento\u201d, se\u00f1ala la tarjeta que difundieron los allegados.<\/p>\n","protected":false},"excerpt":{"rendered":"<p>Este jueves por la tarde se realiza en San Justo el velatorio de Brenda Del Castillo y Morena Verdi, dos de las tres j\u00f3venes asesinadas en el triple crimen de Florencio Varela. Familiares, amigos y allegados convocaron a acompa\u00f1ar a las familias en la despedida y expresar apoyo en medio del dolor. Tras las autopsias [&hellip;]<\/p>\n","protected":false},"author":2,"featured_media":24127,"comment_status":"closed","ping_status":"open","sticky":false,"template":"","format":"standard","meta":{"footnotes":""},"categories":[8],"tags":[42],"class_list":{"0":"post-24126","1":"post","2":"type-post","3":"status-publish","4":"format-standard","5":"has-post-thumbnail","7":"category-nacionales","8":"tag-featured"},"_links":{"self":[{"href":"https:\/\/zoomproducciones.com.ar\/zoomp\/wp-json\/wp\/v2\/posts\/24126","targetHints":{"allow":["GET"]}}],"collection":[{"href":"https:\/\/zoomproducciones.com.ar\/zoomp\/wp-json\/wp\/v2\/posts"}],"about":[{"href":"https:\/\/zoomproducciones.com.ar\/zoomp\/wp-json\/wp\/v2\/types\/post"}],"author":[{"embeddable":true,"href":"https:\/\/zoomproducciones.com.ar\/zoomp\/wp-json\/wp\/v2\/users\/2"}],"replies":[{"embeddable":true,"href":"https:\/\/zoomproducciones.com.ar\/zoomp\/wp-json\/wp\/v2\/comments?post=24126"}],"version-history":[{"count":1,"href":"https:\/\/zoomproducciones.com.ar\/zoomp\/wp-json\/wp\/v2\/posts\/24126\/revisions"}],"predecessor-version":[{"id":24128,"href":"https:\/\/zoomproducciones.com.ar\/zoomp\/wp-json\/wp\/v2\/posts\/24126\/revisions\/24128"}],"wp:featuredmedia":[{"embeddable":true,"href":"https:\/\/zoomproducciones.com.ar\/zoomp\/wp-json\/wp\/v2\/media\/24127"}],"wp:attachment":[{"href":"https:\/\/zoomproducciones.com.ar\/zoomp\/wp-json\/wp\/v2\/media?parent=24126"}],"wp:term":[{"taxonomy":"category","embeddable":true,"href":"https:\/\/zoomproducciones.com.ar\/zoomp\/wp-json\/wp\/v2\/categories?post=24126"},{"taxonomy":"post_tag","embeddable":true,"href":"https:\/\/zoomproducciones.com.ar\/zoomp\/wp-json\/wp\/v2\/tags?post=24126"}],"curies":[{"name":"wp","href":"https:\/\/api.w.org\/{rel}","templated":true}]}}