{"id":24123,"date":"2025-09-25T10:10:42","date_gmt":"2025-09-25T13:10:42","guid":{"rendered":"https:\/\/zoomproducciones.com.ar\/zoomp\/?p=24123"},"modified":"2025-09-25T10:10:43","modified_gmt":"2025-09-25T13:10:43","slug":"triple-femicidio-en-florencio-varela-los-cuatro-detenidos-seran-indagados-este-jueves","status":"publish","type":"post","link":"https:\/\/zoomproducciones.com.ar\/zoomp\/triple-femicidio-en-florencio-varela-los-cuatro-detenidos-seran-indagados-este-jueves\/","title":{"rendered":"Triple femicidio en Florencio Varela: los cuatro detenidos ser\u00e1n indagados este jueves"},"content":{"rendered":"\n<p>Los cuatro detenidos por el triple crimen de Morena Verdi, Brenda Loreley Del Castillo y Lara Morena Guti\u00e9rrez en Florencio Varela ser\u00e1n indagados e imputados este jueves, en el marco de una investigaci\u00f3n que tambi\u00e9n prev\u00e9 nuevas pericias en la denominada \u201ccasa del horror\u201d y el avance en la b\u00fasqueda de un l\u00edder narco peruano se\u00f1alado como posible responsable detr\u00e1s de los hechos.<\/p>\n\n\n\n<figure class=\"wp-block-image size-large\"><a href=\"https:\/\/zoomproducciones.com.ar\/zoomp\/wp-content\/uploads\/2025\/09\/image-81.png\"><img loading=\"lazy\" decoding=\"async\" width=\"1024\" height=\"576\" src=\"https:\/\/zoomproducciones.com.ar\/zoomp\/wp-content\/uploads\/2025\/09\/image-81-1024x576.png\" alt=\"\" class=\"wp-image-24124\" srcset=\"https:\/\/zoomproducciones.com.ar\/zoomp\/wp-content\/uploads\/2025\/09\/image-81-1024x576.png 1024w, https:\/\/zoomproducciones.com.ar\/zoomp\/wp-content\/uploads\/2025\/09\/image-81-300x169.png 300w, https:\/\/zoomproducciones.com.ar\/zoomp\/wp-content\/uploads\/2025\/09\/image-81-768x432.png 768w, https:\/\/zoomproducciones.com.ar\/zoomp\/wp-content\/uploads\/2025\/09\/image-81.png 1280w\" sizes=\"auto, (max-width: 1024px) 100vw, 1024px\" \/><\/a><\/figure>\n\n\n\n<p>Seg\u00fan informaci\u00f3n a la que accedi\u00f3 Noticias Argentinas, los acusados \u2014Magal\u00ed Celeste Gonz\u00e1lez (28), Miguel \u00c1ngel Villanueva (25), Daniela Iara Ibarra (19) y Maximiliano Andr\u00e9s Parra (18)\u2014 ser\u00e1n trasladados desde la DDI de La Matanza hasta la UFI N\u00b02 de Laferrere.<\/p>\n\n\n\n<p>En la jornada de hoy se espera que los cuatro sean formalmente imputados por homicidio agravado.<\/p>\n\n\n\n<p>El objetivo central de la investigaci\u00f3n judicial es determinar qui\u00e9n se encuentra detr\u00e1s de los asesinatos de las tres j\u00f3venes, de 20 y 15 a\u00f1os, y desentra\u00f1ar la trama criminal que deriv\u00f3 en este brutal femicidio m\u00faltiple.<\/p>\n","protected":false},"excerpt":{"rendered":"<p>Los cuatro detenidos por el triple crimen de Morena Verdi, Brenda Loreley Del Castillo y Lara Morena Guti\u00e9rrez en Florencio Varela ser\u00e1n indagados e imputados este jueves, en el marco de una investigaci\u00f3n que tambi\u00e9n prev\u00e9 nuevas pericias en la denominada \u201ccasa del horror\u201d y el avance en la b\u00fasqueda de un l\u00edder narco peruano [&hellip;]<\/p>\n","protected":false},"author":2,"featured_media":24125,"comment_status":"closed","ping_status":"open","sticky":false,"template":"","format":"standard","meta":{"footnotes":""},"categories":[8],"tags":[42],"class_list":{"0":"post-24123","1":"post","2":"type-post","3":"status-publish","4":"format-standard","5":"has-post-thumbnail","7":"category-nacionales","8":"tag-featured"},"_links":{"self":[{"href":"https:\/\/zoomproducciones.com.ar\/zoomp\/wp-json\/wp\/v2\/posts\/24123","targetHints":{"allow":["GET"]}}],"collection":[{"href":"https:\/\/zoomproducciones.com.ar\/zoomp\/wp-json\/wp\/v2\/posts"}],"about":[{"href":"https:\/\/zoomproducciones.com.ar\/zoomp\/wp-json\/wp\/v2\/types\/post"}],"author":[{"embeddable":true,"href":"https:\/\/zoomproducciones.com.ar\/zoomp\/wp-json\/wp\/v2\/users\/2"}],"replies":[{"embeddable":true,"href":"https:\/\/zoomproducciones.com.ar\/zoomp\/wp-json\/wp\/v2\/comments?post=24123"}],"version-history":[{"count":1,"href":"https:\/\/zoomproducciones.com.ar\/zoomp\/wp-json\/wp\/v2\/posts\/24123\/revisions"}],"predecessor-version":[{"id":24129,"href":"https:\/\/zoomproducciones.com.ar\/zoomp\/wp-json\/wp\/v2\/posts\/24123\/revisions\/24129"}],"wp:featuredmedia":[{"embeddable":true,"href":"https:\/\/zoomproducciones.com.ar\/zoomp\/wp-json\/wp\/v2\/media\/24125"}],"wp:attachment":[{"href":"https:\/\/zoomproducciones.com.ar\/zoomp\/wp-json\/wp\/v2\/media?parent=24123"}],"wp:term":[{"taxonomy":"category","embeddable":true,"href":"https:\/\/zoomproducciones.com.ar\/zoomp\/wp-json\/wp\/v2\/categories?post=24123"},{"taxonomy":"post_tag","embeddable":true,"href":"https:\/\/zoomproducciones.com.ar\/zoomp\/wp-json\/wp\/v2\/tags?post=24123"}],"curies":[{"name":"wp","href":"https:\/\/api.w.org\/{rel}","templated":true}]}}