{"id":24120,"date":"2025-09-25T10:10:45","date_gmt":"2025-09-25T13:10:45","guid":{"rendered":"https:\/\/zoomproducciones.com.ar\/zoomp\/?p=24120"},"modified":"2025-09-25T10:10:46","modified_gmt":"2025-09-25T13:10:46","slug":"zum-zum-presento-a-su-reina-y-madrina-de-bateria-2026","status":"publish","type":"post","link":"https:\/\/zoomproducciones.com.ar\/zoomp\/zum-zum-presento-a-su-reina-y-madrina-de-bateria-2026\/","title":{"rendered":"Zum Zum present\u00f3 a su reina y madrina de bater\u00eda 2026"},"content":{"rendered":"\n<p>La comparsa <strong>Zum Zum<\/strong> anunci\u00f3 a trav\u00e9s de sus redes sociales a las figuras que representar\u00e1n a la instituci\u00f3n en el pr\u00f3ximo <strong>Carnaval 2026<\/strong>. En el marco de sus <strong>71 a\u00f1os de historia<\/strong>, el \u00e1guila confirm\u00f3 que <strong>Carla Sena ser\u00e1 la madrina de bater\u00eda<\/strong>, mientras que <strong>Bel\u00e9n Z\u00e1rate ocupar\u00e1 el rol de reina de instituci\u00f3n<\/strong>.<\/p>\n\n\n\n<figure class=\"wp-block-image size-large\"><a href=\"https:\/\/zoomproducciones.com.ar\/zoomp\/wp-content\/uploads\/2025\/09\/WhatsApp-Image-2025-09-25-at-10.00.20_e40e2f9a.jpg\"><img loading=\"lazy\" decoding=\"async\" width=\"819\" height=\"1024\" src=\"https:\/\/zoomproducciones.com.ar\/zoomp\/wp-content\/uploads\/2025\/09\/WhatsApp-Image-2025-09-25-at-10.00.20_e40e2f9a-819x1024.jpg\" alt=\"\" class=\"wp-image-24122\" srcset=\"https:\/\/zoomproducciones.com.ar\/zoomp\/wp-content\/uploads\/2025\/09\/WhatsApp-Image-2025-09-25-at-10.00.20_e40e2f9a-819x1024.jpg 819w, https:\/\/zoomproducciones.com.ar\/zoomp\/wp-content\/uploads\/2025\/09\/WhatsApp-Image-2025-09-25-at-10.00.20_e40e2f9a-240x300.jpg 240w, https:\/\/zoomproducciones.com.ar\/zoomp\/wp-content\/uploads\/2025\/09\/WhatsApp-Image-2025-09-25-at-10.00.20_e40e2f9a-768x960.jpg 768w, https:\/\/zoomproducciones.com.ar\/zoomp\/wp-content\/uploads\/2025\/09\/WhatsApp-Image-2025-09-25-at-10.00.20_e40e2f9a-1229x1536.jpg 1229w, https:\/\/zoomproducciones.com.ar\/zoomp\/wp-content\/uploads\/2025\/09\/WhatsApp-Image-2025-09-25-at-10.00.20_e40e2f9a.jpg 1280w\" sizes=\"auto, (max-width: 819px) 100vw, 819px\" \/><\/a><\/figure>\n\n\n\n<p>Ambas j\u00f3venes mantienen un fuerte v\u00ednculo con la comparsa desde la infancia. Han brillado en la pasarela desde muy peque\u00f1as, mostrando su pasi\u00f3n y compromiso con Zum Zum en cada edici\u00f3n. La presentaci\u00f3n despert\u00f3 gran entusiasmo entre comparseros y seguidores, que ya comienzan a palpitar el Carnaval 2026.<\/p>\n\n\n\n<p><\/p>\n","protected":false},"excerpt":{"rendered":"<p>La comparsa Zum Zum anunci\u00f3 a trav\u00e9s de sus redes sociales a las figuras que representar\u00e1n a la instituci\u00f3n en el pr\u00f3ximo Carnaval 2026. En el marco de sus 71 a\u00f1os de historia, el \u00e1guila confirm\u00f3 que Carla Sena ser\u00e1 la madrina de bater\u00eda, mientras que Bel\u00e9n Z\u00e1rate ocupar\u00e1 el rol de reina de instituci\u00f3n. [&hellip;]<\/p>\n","protected":false},"author":2,"featured_media":24121,"comment_status":"closed","ping_status":"open","sticky":false,"template":"","format":"standard","meta":{"footnotes":""},"categories":[5],"tags":[42],"class_list":{"0":"post-24120","1":"post","2":"type-post","3":"status-publish","4":"format-standard","5":"has-post-thumbnail","7":"category-locales","8":"tag-featured"},"_links":{"self":[{"href":"https:\/\/zoomproducciones.com.ar\/zoomp\/wp-json\/wp\/v2\/posts\/24120","targetHints":{"allow":["GET"]}}],"collection":[{"href":"https:\/\/zoomproducciones.com.ar\/zoomp\/wp-json\/wp\/v2\/posts"}],"about":[{"href":"https:\/\/zoomproducciones.com.ar\/zoomp\/wp-json\/wp\/v2\/types\/post"}],"author":[{"embeddable":true,"href":"https:\/\/zoomproducciones.com.ar\/zoomp\/wp-json\/wp\/v2\/users\/2"}],"replies":[{"embeddable":true,"href":"https:\/\/zoomproducciones.com.ar\/zoomp\/wp-json\/wp\/v2\/comments?post=24120"}],"version-history":[{"count":1,"href":"https:\/\/zoomproducciones.com.ar\/zoomp\/wp-json\/wp\/v2\/posts\/24120\/revisions"}],"predecessor-version":[{"id":24130,"href":"https:\/\/zoomproducciones.com.ar\/zoomp\/wp-json\/wp\/v2\/posts\/24120\/revisions\/24130"}],"wp:featuredmedia":[{"embeddable":true,"href":"https:\/\/zoomproducciones.com.ar\/zoomp\/wp-json\/wp\/v2\/media\/24121"}],"wp:attachment":[{"href":"https:\/\/zoomproducciones.com.ar\/zoomp\/wp-json\/wp\/v2\/media?parent=24120"}],"wp:term":[{"taxonomy":"category","embeddable":true,"href":"https:\/\/zoomproducciones.com.ar\/zoomp\/wp-json\/wp\/v2\/categories?post=24120"},{"taxonomy":"post_tag","embeddable":true,"href":"https:\/\/zoomproducciones.com.ar\/zoomp\/wp-json\/wp\/v2\/tags?post=24120"}],"curies":[{"name":"wp","href":"https:\/\/api.w.org\/{rel}","templated":true}]}}