{"id":24117,"date":"2025-09-24T09:15:06","date_gmt":"2025-09-24T12:15:06","guid":{"rendered":"https:\/\/zoomproducciones.com.ar\/zoomp\/?p=24117"},"modified":"2025-09-24T09:15:07","modified_gmt":"2025-09-24T12:15:07","slug":"secuestran-chipacitos-con-droga-en-la-unidad-penal-n6-de-corrientes","status":"publish","type":"post","link":"https:\/\/zoomproducciones.com.ar\/zoomp\/secuestran-chipacitos-con-droga-en-la-unidad-penal-n6-de-corrientes\/","title":{"rendered":"Secuestran chipacitos con droga en la Unidad Penal N\u00b06 de Corrientes"},"content":{"rendered":"\n<p>Durante una requisa realizada el domingo en la Unidad Penal N\u00b06 de Corrientes, efectivos penitenciarios hallaron chipacitos rellenos con droga en el Pabell\u00f3n N\u00b013, donde se encuentran alojados internos por causas federales.<\/p>\n\n\n\n<p>Al inspeccionar los alimentos, los agentes detectaron que en su interior hab\u00eda envoltorios pl\u00e1sticos con un polvo blanquecino, presuntamente estupefaciente.<\/p>\n\n\n\n<p>Tanto los chipacitos como el material incautado fueron secuestrados y se inici\u00f3 una investigaci\u00f3n para establecer qui\u00e9n intent\u00f3 introducir la droga en la c\u00e1rcel y de qu\u00e9 manera lleg\u00f3 a manos de los detenidos.<\/p>\n","protected":false},"excerpt":{"rendered":"<p>Durante una requisa realizada el domingo en la Unidad Penal N\u00b06 de Corrientes, efectivos penitenciarios hallaron chipacitos rellenos con droga en el Pabell\u00f3n N\u00b013, donde se encuentran alojados internos por causas federales. Al inspeccionar los alimentos, los agentes detectaron que en su interior hab\u00eda envoltorios pl\u00e1sticos con un polvo blanquecino, presuntamente estupefaciente. Tanto los chipacitos [&hellip;]<\/p>\n","protected":false},"author":2,"featured_media":24118,"comment_status":"closed","ping_status":"open","sticky":false,"template":"","format":"standard","meta":{"footnotes":""},"categories":[3],"tags":[511],"class_list":{"0":"post-24117","1":"post","2":"type-post","3":"status-publish","4":"format-standard","5":"has-post-thumbnail","7":"category-provinciales","8":"tag-bloque-2"},"_links":{"self":[{"href":"https:\/\/zoomproducciones.com.ar\/zoomp\/wp-json\/wp\/v2\/posts\/24117","targetHints":{"allow":["GET"]}}],"collection":[{"href":"https:\/\/zoomproducciones.com.ar\/zoomp\/wp-json\/wp\/v2\/posts"}],"about":[{"href":"https:\/\/zoomproducciones.com.ar\/zoomp\/wp-json\/wp\/v2\/types\/post"}],"author":[{"embeddable":true,"href":"https:\/\/zoomproducciones.com.ar\/zoomp\/wp-json\/wp\/v2\/users\/2"}],"replies":[{"embeddable":true,"href":"https:\/\/zoomproducciones.com.ar\/zoomp\/wp-json\/wp\/v2\/comments?post=24117"}],"version-history":[{"count":1,"href":"https:\/\/zoomproducciones.com.ar\/zoomp\/wp-json\/wp\/v2\/posts\/24117\/revisions"}],"predecessor-version":[{"id":24119,"href":"https:\/\/zoomproducciones.com.ar\/zoomp\/wp-json\/wp\/v2\/posts\/24117\/revisions\/24119"}],"wp:featuredmedia":[{"embeddable":true,"href":"https:\/\/zoomproducciones.com.ar\/zoomp\/wp-json\/wp\/v2\/media\/24118"}],"wp:attachment":[{"href":"https:\/\/zoomproducciones.com.ar\/zoomp\/wp-json\/wp\/v2\/media?parent=24117"}],"wp:term":[{"taxonomy":"category","embeddable":true,"href":"https:\/\/zoomproducciones.com.ar\/zoomp\/wp-json\/wp\/v2\/categories?post=24117"},{"taxonomy":"post_tag","embeddable":true,"href":"https:\/\/zoomproducciones.com.ar\/zoomp\/wp-json\/wp\/v2\/tags?post=24117"}],"curies":[{"name":"wp","href":"https:\/\/api.w.org\/{rel}","templated":true}]}}