{"id":24108,"date":"2025-09-24T09:05:47","date_gmt":"2025-09-24T12:05:47","guid":{"rendered":"https:\/\/zoomproducciones.com.ar\/zoomp\/?p=24108"},"modified":"2025-09-24T09:05:47","modified_gmt":"2025-09-24T12:05:47","slug":"milei-se-reunira-este-miercoles-en-washington-con-kristalina-georgieva","status":"publish","type":"post","link":"https:\/\/zoomproducciones.com.ar\/zoomp\/milei-se-reunira-este-miercoles-en-washington-con-kristalina-georgieva\/","title":{"rendered":"Milei se reunir\u00e1 este mi\u00e9rcoles en Washington con Kristalina Georgieva"},"content":{"rendered":"\n<p>El vocero presidencial, <strong>Manuel Adorni<\/strong>, confirm\u00f3 que el presidente <strong>Javier Milei<\/strong> mantendr\u00e1 este mi\u00e9rcoles un encuentro con la directora gerente del <strong>Fondo Monetario Internacional (FMI)<\/strong>, <strong>Kristalina Georgieva<\/strong>, en la ciudad de <strong>Washington<\/strong>.<\/p>\n\n\n\n<p>Seg\u00fan precis\u00f3 el portavoz en su cuenta de la red social X, la reuni\u00f3n se realizar\u00e1 a las <strong>14:30 hora local (15:30 en Argentina)<\/strong>, en el marco de la gira oficial que el mandatario desarrolla por Estados Unidos acompa\u00f1ado de parte de su equipo econ\u00f3mico y pol\u00edtico.<\/p>\n\n\n\n<p>La cita con Georgieva llega en un <strong>momento clave para la Argentina<\/strong>, que busca consolidar el cumplimiento de las metas pactadas en el acuerdo con el Fondo y avanzar en una nueva fase de negociaciones que le permita acceder a respaldo financiero en medio de la inestabilidad econ\u00f3mica.<\/p>\n\n\n\n<p>Si bien Milei ya hab\u00eda compartido distintos escenarios internacionales con la titular del FMI, esta ser\u00e1 la <strong>primera reuni\u00f3n bilateral formal<\/strong> desde su llegada a la Casa Rosada.<\/p>\n","protected":false},"excerpt":{"rendered":"<p>El vocero presidencial, Manuel Adorni, confirm\u00f3 que el presidente Javier Milei mantendr\u00e1 este mi\u00e9rcoles un encuentro con la directora gerente del Fondo Monetario Internacional (FMI), Kristalina Georgieva, en la ciudad de Washington. Seg\u00fan precis\u00f3 el portavoz en su cuenta de la red social X, la reuni\u00f3n se realizar\u00e1 a las 14:30 hora local (15:30 en [&hellip;]<\/p>\n","protected":false},"author":2,"featured_media":24109,"comment_status":"closed","ping_status":"open","sticky":false,"template":"","format":"standard","meta":{"footnotes":""},"categories":[8],"tags":[511],"class_list":{"0":"post-24108","1":"post","2":"type-post","3":"status-publish","4":"format-standard","5":"has-post-thumbnail","7":"category-nacionales","8":"tag-bloque-2"},"_links":{"self":[{"href":"https:\/\/zoomproducciones.com.ar\/zoomp\/wp-json\/wp\/v2\/posts\/24108","targetHints":{"allow":["GET"]}}],"collection":[{"href":"https:\/\/zoomproducciones.com.ar\/zoomp\/wp-json\/wp\/v2\/posts"}],"about":[{"href":"https:\/\/zoomproducciones.com.ar\/zoomp\/wp-json\/wp\/v2\/types\/post"}],"author":[{"embeddable":true,"href":"https:\/\/zoomproducciones.com.ar\/zoomp\/wp-json\/wp\/v2\/users\/2"}],"replies":[{"embeddable":true,"href":"https:\/\/zoomproducciones.com.ar\/zoomp\/wp-json\/wp\/v2\/comments?post=24108"}],"version-history":[{"count":1,"href":"https:\/\/zoomproducciones.com.ar\/zoomp\/wp-json\/wp\/v2\/posts\/24108\/revisions"}],"predecessor-version":[{"id":24110,"href":"https:\/\/zoomproducciones.com.ar\/zoomp\/wp-json\/wp\/v2\/posts\/24108\/revisions\/24110"}],"wp:featuredmedia":[{"embeddable":true,"href":"https:\/\/zoomproducciones.com.ar\/zoomp\/wp-json\/wp\/v2\/media\/24109"}],"wp:attachment":[{"href":"https:\/\/zoomproducciones.com.ar\/zoomp\/wp-json\/wp\/v2\/media?parent=24108"}],"wp:term":[{"taxonomy":"category","embeddable":true,"href":"https:\/\/zoomproducciones.com.ar\/zoomp\/wp-json\/wp\/v2\/categories?post=24108"},{"taxonomy":"post_tag","embeddable":true,"href":"https:\/\/zoomproducciones.com.ar\/zoomp\/wp-json\/wp\/v2\/tags?post=24108"}],"curies":[{"name":"wp","href":"https:\/\/api.w.org\/{rel}","templated":true}]}}