{"id":24097,"date":"2025-09-24T08:59:36","date_gmt":"2025-09-24T11:59:36","guid":{"rendered":"https:\/\/zoomproducciones.com.ar\/zoomp\/?p=24097"},"modified":"2025-09-24T08:59:36","modified_gmt":"2025-09-24T11:59:36","slug":"milei-hablara-en-la-onu-tras-reunirse-con-donald-trump","status":"publish","type":"post","link":"https:\/\/zoomproducciones.com.ar\/zoomp\/milei-hablara-en-la-onu-tras-reunirse-con-donald-trump\/","title":{"rendered":"Milei hablar\u00e1 en la ONU tras reunirse con Donald Trump"},"content":{"rendered":"\n<p>El presidente <strong>Javier Milei<\/strong> expondr\u00e1 este mi\u00e9rcoles en la <strong>80\u00aa Asamblea General de las Naciones Unidas<\/strong>, en Nueva York, con un discurso programado para las <strong>12:45<\/strong>, que se extender\u00e1 por los <strong>15 minutos reglamentarios<\/strong>.<\/p>\n\n\n\n<p>El mandatario argentino llega a esta instancia luego de haberse reunido el martes con el presidente de Estados Unidos, <strong>Donald Trump<\/strong>, quien ratific\u00f3 su respaldo pol\u00edtico en el marco del encuentro celebrado en la sede del organismo multilateral.<\/p>\n\n\n\n<p>Seg\u00fan fuentes de Presidencia, Milei har\u00e1 hincapi\u00e9 en el <strong>alineamiento de la Argentina con Estados Unidos e Israel<\/strong>, la cuesti\u00f3n <strong>Malvinas<\/strong> y la <strong>defensa de su plan econ\u00f3mico<\/strong> en los casi dos a\u00f1os de gesti\u00f3n.<\/p>\n\n\n\n<p>En su primera intervenci\u00f3n en la ONU, el a\u00f1o pasado, Milei hab\u00eda cuestionado con dureza al organismo al acusarlo de estar manejado por \u201cbur\u00f3cratas\u201d con una \u201cagenda socialista\u201d y de haberse transformado en \u201cun leviat\u00e1n de m\u00faltiples tent\u00e1culos\u201d.<\/p>\n\n\n\n<p>La Asamblea General, que re\u00fane cada a\u00f1o a representantes de los <strong>193 Estados miembros<\/strong>, abre su agenda con el <strong>Debate general<\/strong>, espacio donde los l\u00edderes exponen prioridades y posturas sobre temas internacionales.<\/p>\n\n\n\n<p>Luego de su intervenci\u00f3n, Milei participar\u00e1 por la noche en la <strong>gala del Atlantic Council<\/strong>, donde recibir\u00e1 el premio <strong>Ciudadano Global 2025<\/strong>, de manos del secretario del Tesoro estadounidense, <strong>Scott Bessent<\/strong>.<\/p>\n\n\n\n<p>El jueves se reunir\u00e1 con el primer ministro israel\u00ed, <strong>Benjam\u00edn Netanyahu<\/strong>, y su regreso a Buenos Aires est\u00e1 previsto para el viernes por la ma\u00f1ana junto a la comitiva oficial.<\/p>\n","protected":false},"excerpt":{"rendered":"<p>El presidente Javier Milei expondr\u00e1 este mi\u00e9rcoles en la 80\u00aa Asamblea General de las Naciones Unidas, en Nueva York, con un discurso programado para las 12:45, que se extender\u00e1 por los 15 minutos reglamentarios. El mandatario argentino llega a esta instancia luego de haberse reunido el martes con el presidente de Estados Unidos, Donald Trump, [&hellip;]<\/p>\n","protected":false},"author":2,"featured_media":24098,"comment_status":"closed","ping_status":"open","sticky":false,"template":"","format":"standard","meta":{"footnotes":""},"categories":[8],"tags":[42],"class_list":{"0":"post-24097","1":"post","2":"type-post","3":"status-publish","4":"format-standard","5":"has-post-thumbnail","7":"category-nacionales","8":"tag-featured"},"_links":{"self":[{"href":"https:\/\/zoomproducciones.com.ar\/zoomp\/wp-json\/wp\/v2\/posts\/24097","targetHints":{"allow":["GET"]}}],"collection":[{"href":"https:\/\/zoomproducciones.com.ar\/zoomp\/wp-json\/wp\/v2\/posts"}],"about":[{"href":"https:\/\/zoomproducciones.com.ar\/zoomp\/wp-json\/wp\/v2\/types\/post"}],"author":[{"embeddable":true,"href":"https:\/\/zoomproducciones.com.ar\/zoomp\/wp-json\/wp\/v2\/users\/2"}],"replies":[{"embeddable":true,"href":"https:\/\/zoomproducciones.com.ar\/zoomp\/wp-json\/wp\/v2\/comments?post=24097"}],"version-history":[{"count":1,"href":"https:\/\/zoomproducciones.com.ar\/zoomp\/wp-json\/wp\/v2\/posts\/24097\/revisions"}],"predecessor-version":[{"id":24102,"href":"https:\/\/zoomproducciones.com.ar\/zoomp\/wp-json\/wp\/v2\/posts\/24097\/revisions\/24102"}],"wp:featuredmedia":[{"embeddable":true,"href":"https:\/\/zoomproducciones.com.ar\/zoomp\/wp-json\/wp\/v2\/media\/24098"}],"wp:attachment":[{"href":"https:\/\/zoomproducciones.com.ar\/zoomp\/wp-json\/wp\/v2\/media?parent=24097"}],"wp:term":[{"taxonomy":"category","embeddable":true,"href":"https:\/\/zoomproducciones.com.ar\/zoomp\/wp-json\/wp\/v2\/categories?post=24097"},{"taxonomy":"post_tag","embeddable":true,"href":"https:\/\/zoomproducciones.com.ar\/zoomp\/wp-json\/wp\/v2\/tags?post=24097"}],"curies":[{"name":"wp","href":"https:\/\/api.w.org\/{rel}","templated":true}]}}