{"id":24095,"date":"2025-09-24T08:59:38","date_gmt":"2025-09-24T11:59:38","guid":{"rendered":"https:\/\/zoomproducciones.com.ar\/zoomp\/?p=24095"},"modified":"2025-09-24T08:59:38","modified_gmt":"2025-09-24T11:59:38","slug":"corrientes-entre-las-provincias-con-menor-proporcion-de-empleo-publico-y-mayor-peso-del-sector-privado","status":"publish","type":"post","link":"https:\/\/zoomproducciones.com.ar\/zoomp\/corrientes-entre-las-provincias-con-menor-proporcion-de-empleo-publico-y-mayor-peso-del-sector-privado\/","title":{"rendered":"Corrientes, entre las provincias con menor proporci\u00f3n de empleo p\u00fablico y mayor peso del sector privado"},"content":{"rendered":"\n<p>Un informe reciente de <strong>Argendata<\/strong>, portal de la organizaci\u00f3n Fundar basado en datos del Censo 2022, revela que Corrientes se ubica entre las provincias argentinas con menor cantidad de empleados estatales por habitante, mostrando adem\u00e1s un crecimiento sostenido del empleo privado registrado.<\/p>\n\n\n\n<p>Seg\u00fan el estudio, Corrientes cuenta con <strong>41,1 empleados p\u00fablicos cada mil habitantes<\/strong>, cifra muy por debajo de la media nacional de <strong>69,78<\/strong>. Solo C\u00f3rdoba (40,3), Santa Fe (45,3) y Buenos Aires (46,7) presentan indicadores m\u00e1s bajos, aunque se trata de los distritos m\u00e1s poblados del pa\u00eds. En contraste, provincias patag\u00f3nicas y del Noroeste encabezan el ranking: Santa Cruz (117,7), La Rioja (114,8), Catamarca (111,4) y Tierra del Fuego (106), todas con menor densidad poblacional.<\/p>\n\n\n\n<p>El an\u00e1lisis se\u00f1ala que la composici\u00f3n del empleo estatal incluye cuatro sectores principales: administraci\u00f3n p\u00fablica, seguridad, educaci\u00f3n y salud. En las provincias con mayor peso del empleo p\u00fablico predominan los dos primeros, mientras que en los distritos m\u00e1s grandes ganan relevancia educaci\u00f3n y salud.<\/p>\n\n\n\n<p>En cuanto al <strong>empleo privado<\/strong>, dentro del NEA, Misiones encabeza con <strong>99.026 asalariados registrados<\/strong>, seguida por Corrientes (79.414), Chaco (73.046) y Formosa (22.234). El caso correntino resulta significativo porque, a diferencia de \u00e9pocas anteriores, el empleo privado supera al p\u00fablico.<\/p>\n\n\n\n<p>Especialistas destacan que esta transformaci\u00f3n responde al impulso de las <strong>industrias y el comercio<\/strong>, sumado a la instalaci\u00f3n de parques industriales en distintos municipios y a la reactivaci\u00f3n portuaria en Ituzaing\u00f3 y en la capital provincial.<\/p>\n\n\n\n<p>De esta manera, Corrientes consolida un modelo en el que el <strong>sector privado gana protagonismo<\/strong>, mientras que el empleo p\u00fablico se mantiene bajo control, en l\u00ednea con la pol\u00edtica de equilibrio fiscal promovida por la gesti\u00f3n del gobernador Gustavo Vald\u00e9s.<\/p>\n\n\n\n<p>Radio 2.<\/p>\n","protected":false},"excerpt":{"rendered":"<p>Un informe reciente de Argendata, portal de la organizaci\u00f3n Fundar basado en datos del Censo 2022, revela que Corrientes se ubica entre las provincias argentinas con menor cantidad de empleados estatales por habitante, mostrando adem\u00e1s un crecimiento sostenido del empleo privado registrado. Seg\u00fan el estudio, Corrientes cuenta con 41,1 empleados p\u00fablicos cada mil habitantes, cifra [&hellip;]<\/p>\n","protected":false},"author":2,"featured_media":24096,"comment_status":"closed","ping_status":"open","sticky":false,"template":"","format":"standard","meta":{"footnotes":""},"categories":[3],"tags":[42],"class_list":{"0":"post-24095","1":"post","2":"type-post","3":"status-publish","4":"format-standard","5":"has-post-thumbnail","7":"category-provinciales","8":"tag-featured"},"_links":{"self":[{"href":"https:\/\/zoomproducciones.com.ar\/zoomp\/wp-json\/wp\/v2\/posts\/24095","targetHints":{"allow":["GET"]}}],"collection":[{"href":"https:\/\/zoomproducciones.com.ar\/zoomp\/wp-json\/wp\/v2\/posts"}],"about":[{"href":"https:\/\/zoomproducciones.com.ar\/zoomp\/wp-json\/wp\/v2\/types\/post"}],"author":[{"embeddable":true,"href":"https:\/\/zoomproducciones.com.ar\/zoomp\/wp-json\/wp\/v2\/users\/2"}],"replies":[{"embeddable":true,"href":"https:\/\/zoomproducciones.com.ar\/zoomp\/wp-json\/wp\/v2\/comments?post=24095"}],"version-history":[{"count":1,"href":"https:\/\/zoomproducciones.com.ar\/zoomp\/wp-json\/wp\/v2\/posts\/24095\/revisions"}],"predecessor-version":[{"id":24103,"href":"https:\/\/zoomproducciones.com.ar\/zoomp\/wp-json\/wp\/v2\/posts\/24095\/revisions\/24103"}],"wp:featuredmedia":[{"embeddable":true,"href":"https:\/\/zoomproducciones.com.ar\/zoomp\/wp-json\/wp\/v2\/media\/24096"}],"wp:attachment":[{"href":"https:\/\/zoomproducciones.com.ar\/zoomp\/wp-json\/wp\/v2\/media?parent=24095"}],"wp:term":[{"taxonomy":"category","embeddable":true,"href":"https:\/\/zoomproducciones.com.ar\/zoomp\/wp-json\/wp\/v2\/categories?post=24095"},{"taxonomy":"post_tag","embeddable":true,"href":"https:\/\/zoomproducciones.com.ar\/zoomp\/wp-json\/wp\/v2\/tags?post=24095"}],"curies":[{"name":"wp","href":"https:\/\/api.w.org\/{rel}","templated":true}]}}