{"id":24091,"date":"2025-09-23T09:41:25","date_gmt":"2025-09-23T12:41:25","guid":{"rendered":"https:\/\/zoomproducciones.com.ar\/zoomp\/?p=24091"},"modified":"2025-09-23T09:41:26","modified_gmt":"2025-09-23T12:41:26","slug":"dia-del-comparsero-entre-la-celebracion-y-la-memoria-de-una-tragedia","status":"publish","type":"post","link":"https:\/\/zoomproducciones.com.ar\/zoomp\/dia-del-comparsero-entre-la-celebracion-y-la-memoria-de-una-tragedia\/","title":{"rendered":"D\u00eda del Comparsero: entre la celebraci\u00f3n y la memoria de una tragedia"},"content":{"rendered":"\n<p>Hoy se cumple el d\u00e9cimo aniversario de la instauraci\u00f3n del D\u00eda del Comparsero, fecha que coincide con uno de los episodios m\u00e1s dolorosos en la historia del carnaval correntino: el accidente de \u201cLas Flores\u201d. La conmemoraci\u00f3n fue establecida por ley el 25 de septiembre de 2014 y comenz\u00f3 a celebrarse formalmente al a\u00f1o siguiente.<\/p>\n\n\n\n<p>Desde sus inicios, la elecci\u00f3n de esta jornada gener\u00f3 debate. Muchos referentes del carnaval consideraban que no deb\u00eda vincularse una fiesta con la tragedia que afect\u00f3 a la comparsa Ar\u00e1 Ber\u00e1. \u201cFue un hecho triste que golpe\u00f3 solo a una comparsa\u201d, recordaba en 2014 Miguel Maccarini, sobreviviente del siniestro.<\/p>\n\n\n\n<p>Algunos comparseros propon\u00edan que la fecha se asociara a un hito de car\u00e1cter colectivo, como la hist\u00f3rica participaci\u00f3n de Corrientes en el Carnaval Internacional de Niza, en 1989. En aquella oportunidad, la delegaci\u00f3n correntina obtuvo el primer premio internacional y deslumbr\u00f3 a millones de espectadores a trav\u00e9s de la transmisi\u00f3n del festival por Eurovisi\u00f3n. A\u00f1os m\u00e1s tarde, en la segunda presentaci\u00f3n, la soberana de Bella Vista, Mariana Beltr\u00e1n, fue coronada Reina de Reinas de los Carnavales del Mundo.<\/p>\n\n\n\n<p>Sin embargo, la fecha qued\u00f3 fijada por ley y, a\u00f1o tras a\u00f1o, comparseros de distintos puntos del pa\u00eds celebran su d\u00eda, muchas veces sin conocer con precisi\u00f3n el origen de la conmemoraci\u00f3n.<\/p>\n\n\n\n<p>El impulsor de la normativa, el exdiputado provincial y dirigente de Sapucay, Ra\u00fal Alfonso, defendi\u00f3 la elecci\u00f3n: \u201cEsta ley marc\u00f3 un antes y un despu\u00e9s en la identidad de los amantes del carnaval. Mantiene viva la memoria de los ocho comparseros que perdieron la vida llevando nuestro arte a otros lugares\u201d. Seg\u00fan explic\u00f3, el esp\u00edritu de la jornada no es solo festivo, sino tambi\u00e9n un recordatorio del valor cultural del carnaval correntino.<\/p>\n","protected":false},"excerpt":{"rendered":"<p>Hoy se cumple el d\u00e9cimo aniversario de la instauraci\u00f3n del D\u00eda del Comparsero, fecha que coincide con uno de los episodios m\u00e1s dolorosos en la historia del carnaval correntino: el accidente de \u201cLas Flores\u201d. La conmemoraci\u00f3n fue establecida por ley el 25 de septiembre de 2014 y comenz\u00f3 a celebrarse formalmente al a\u00f1o siguiente. Desde [&hellip;]<\/p>\n","protected":false},"author":2,"featured_media":24092,"comment_status":"closed","ping_status":"open","sticky":false,"template":"","format":"standard","meta":{"footnotes":""},"categories":[3],"tags":[511],"class_list":{"0":"post-24091","1":"post","2":"type-post","3":"status-publish","4":"format-standard","5":"has-post-thumbnail","7":"category-provinciales","8":"tag-bloque-2"},"_links":{"self":[{"href":"https:\/\/zoomproducciones.com.ar\/zoomp\/wp-json\/wp\/v2\/posts\/24091","targetHints":{"allow":["GET"]}}],"collection":[{"href":"https:\/\/zoomproducciones.com.ar\/zoomp\/wp-json\/wp\/v2\/posts"}],"about":[{"href":"https:\/\/zoomproducciones.com.ar\/zoomp\/wp-json\/wp\/v2\/types\/post"}],"author":[{"embeddable":true,"href":"https:\/\/zoomproducciones.com.ar\/zoomp\/wp-json\/wp\/v2\/users\/2"}],"replies":[{"embeddable":true,"href":"https:\/\/zoomproducciones.com.ar\/zoomp\/wp-json\/wp\/v2\/comments?post=24091"}],"version-history":[{"count":1,"href":"https:\/\/zoomproducciones.com.ar\/zoomp\/wp-json\/wp\/v2\/posts\/24091\/revisions"}],"predecessor-version":[{"id":24093,"href":"https:\/\/zoomproducciones.com.ar\/zoomp\/wp-json\/wp\/v2\/posts\/24091\/revisions\/24093"}],"wp:featuredmedia":[{"embeddable":true,"href":"https:\/\/zoomproducciones.com.ar\/zoomp\/wp-json\/wp\/v2\/media\/24092"}],"wp:attachment":[{"href":"https:\/\/zoomproducciones.com.ar\/zoomp\/wp-json\/wp\/v2\/media?parent=24091"}],"wp:term":[{"taxonomy":"category","embeddable":true,"href":"https:\/\/zoomproducciones.com.ar\/zoomp\/wp-json\/wp\/v2\/categories?post=24091"},{"taxonomy":"post_tag","embeddable":true,"href":"https:\/\/zoomproducciones.com.ar\/zoomp\/wp-json\/wp\/v2\/tags?post=24091"}],"curies":[{"name":"wp","href":"https:\/\/api.w.org\/{rel}","templated":true}]}}