{"id":24088,"date":"2025-09-23T09:39:02","date_gmt":"2025-09-23T12:39:02","guid":{"rendered":"https:\/\/zoomproducciones.com.ar\/zoomp\/?p=24088"},"modified":"2025-09-23T09:39:03","modified_gmt":"2025-09-23T12:39:03","slug":"ousmane-dembele-gano-el-balon-de-oro-2025-y-se-consagro-como-el-mejor-del-mundo","status":"publish","type":"post","link":"https:\/\/zoomproducciones.com.ar\/zoomp\/ousmane-dembele-gano-el-balon-de-oro-2025-y-se-consagro-como-el-mejor-del-mundo\/","title":{"rendered":"Ousmane Demb\u00e9l\u00e9 gan\u00f3 el Bal\u00f3n de Oro 2025 y se consagr\u00f3 como el mejor del mundo"},"content":{"rendered":"\n<p>En una noche hist\u00f3rica en el teatro Ch\u00e2telet de Par\u00eds, Ousmane Demb\u00e9l\u00e9 fue distinguido con el Bal\u00f3n de Oro 2025 y qued\u00f3 consagrado como el mejor futbolista del planeta.<\/p>\n\n\n\n<p>El delantero del PSG, de 28 a\u00f1os, super\u00f3 en la votaci\u00f3n a Lamine Yamal, la joven figura del Barcelona, y sucedi\u00f3 en el palmar\u00e9s a Rodri Hern\u00e1ndez.<\/p>\n\n\n\n<p>La temporada 2024-25 marc\u00f3 un antes y un despu\u00e9s en su carrera. Reconvertido en \u201cfalso 9\u201d por Luis Enrique, Demb\u00e9l\u00e9 fue pieza clave en el hist\u00f3rico triplete del PSG \u2014Champions League, Ligue 1 y Copa de Francia\u2014 con 35 goles y 16 asistencias, adem\u00e1s del subcampeonato en el Mundial de Clubes.<\/p>\n\n\n\n<p>Su influencia fue determinante en la Champions, donde convirti\u00f3 tantos decisivos frente al Bayern M\u00fanich y en la final contra el Manchester City. Con este rendimiento dej\u00f3 atr\u00e1s los fantasmas de las lesiones y la irregularidad que lo hab\u00edan acompa\u00f1ado en sus primeros a\u00f1os.<\/p>\n\n\n\n<p>El galard\u00f3n tambi\u00e9n representa el s\u00edmbolo de un PSG renovado tras la salida de Kylian Mbapp\u00e9, que logr\u00f3 reinventarse y alcanzar la etapa m\u00e1s gloriosa de su historia.<\/p>\n\n\n\n<p>En la rama femenina, Aitana Bonmat\u00ed repiti\u00f3 el reconocimiento que hab\u00eda obtenido en 2023 y volvi\u00f3 a quedarse con el Bal\u00f3n de Oro, consolid\u00e1ndose como la mejor jugadora del mundo.<\/p>\n","protected":false},"excerpt":{"rendered":"<p>En una noche hist\u00f3rica en el teatro Ch\u00e2telet de Par\u00eds, Ousmane Demb\u00e9l\u00e9 fue distinguido con el Bal\u00f3n de Oro 2025 y qued\u00f3 consagrado como el mejor futbolista del planeta. El delantero del PSG, de 28 a\u00f1os, super\u00f3 en la votaci\u00f3n a Lamine Yamal, la joven figura del Barcelona, y sucedi\u00f3 en el palmar\u00e9s a Rodri [&hellip;]<\/p>\n","protected":false},"author":2,"featured_media":24089,"comment_status":"closed","ping_status":"open","sticky":false,"template":"","format":"standard","meta":{"footnotes":""},"categories":[372],"tags":[511],"class_list":{"0":"post-24088","1":"post","2":"type-post","3":"status-publish","4":"format-standard","5":"has-post-thumbnail","7":"category-futbol","8":"tag-bloque-2"},"_links":{"self":[{"href":"https:\/\/zoomproducciones.com.ar\/zoomp\/wp-json\/wp\/v2\/posts\/24088","targetHints":{"allow":["GET"]}}],"collection":[{"href":"https:\/\/zoomproducciones.com.ar\/zoomp\/wp-json\/wp\/v2\/posts"}],"about":[{"href":"https:\/\/zoomproducciones.com.ar\/zoomp\/wp-json\/wp\/v2\/types\/post"}],"author":[{"embeddable":true,"href":"https:\/\/zoomproducciones.com.ar\/zoomp\/wp-json\/wp\/v2\/users\/2"}],"replies":[{"embeddable":true,"href":"https:\/\/zoomproducciones.com.ar\/zoomp\/wp-json\/wp\/v2\/comments?post=24088"}],"version-history":[{"count":1,"href":"https:\/\/zoomproducciones.com.ar\/zoomp\/wp-json\/wp\/v2\/posts\/24088\/revisions"}],"predecessor-version":[{"id":24090,"href":"https:\/\/zoomproducciones.com.ar\/zoomp\/wp-json\/wp\/v2\/posts\/24088\/revisions\/24090"}],"wp:featuredmedia":[{"embeddable":true,"href":"https:\/\/zoomproducciones.com.ar\/zoomp\/wp-json\/wp\/v2\/media\/24089"}],"wp:attachment":[{"href":"https:\/\/zoomproducciones.com.ar\/zoomp\/wp-json\/wp\/v2\/media?parent=24088"}],"wp:term":[{"taxonomy":"category","embeddable":true,"href":"https:\/\/zoomproducciones.com.ar\/zoomp\/wp-json\/wp\/v2\/categories?post=24088"},{"taxonomy":"post_tag","embeddable":true,"href":"https:\/\/zoomproducciones.com.ar\/zoomp\/wp-json\/wp\/v2\/tags?post=24088"}],"curies":[{"name":"wp","href":"https:\/\/api.w.org\/{rel}","templated":true}]}}