{"id":24082,"date":"2025-09-23T09:35:34","date_gmt":"2025-09-23T12:35:34","guid":{"rendered":"https:\/\/zoomproducciones.com.ar\/zoomp\/?p=24082"},"modified":"2025-09-23T09:35:35","modified_gmt":"2025-09-23T12:35:35","slug":"river-busca-la-remontada-ante-palmeiras-para-sonar-con-las-semifinales","status":"publish","type":"post","link":"https:\/\/zoomproducciones.com.ar\/zoomp\/river-busca-la-remontada-ante-palmeiras-para-sonar-con-las-semifinales\/","title":{"rendered":"River busca la remontada ante Palmeiras para so\u00f1ar con las semifinales"},"content":{"rendered":"\n<p>River Plate se juega este mi\u00e9rcoles su futuro en la Copa Libertadores cuando visite a Palmeiras en el Allianz Parque de San Pablo. El partido arrancar\u00e1 a las 21:30 y ser\u00e1 televisado por Telefe, Fox Sports y Disney+. El \u00e1rbitro ser\u00e1 el uruguayo Andr\u00e9s Matonte, acompa\u00f1ado por su compatriota Christian Ferreyra en el VAR.<\/p>\n\n\n\n<p>El conjunto de Marcelo Gallardo necesita revertir la derrota 2-1 sufrida en el Monumental, donde los brasile\u00f1os se impusieron con goles de Gustavo G\u00f3mez y Vitor Roque. El descuento de Lucas Mart\u00ednez Quarta le dio al \u201cMillonario\u201d la chance de llegar con vida al desquite.<\/p>\n\n\n\n<p>En el plano local, River viene de caer 2-0 frente a Atl\u00e9tico Tucum\u00e1n con un equipo alternativo, resultado que signific\u00f3 su primera derrota en el Clausura y la p\u00e9rdida del liderazgo en la Zona B, ahora en manos de Deportivo Riestra.<\/p>\n\n\n\n<p>Gallardo todav\u00eda no tiene definido el once titular: Mart\u00ednez Quarta y Lautaro Rivero pelean un lugar en la defensa, Juan Portillo podr\u00eda ingresar por Enzo P\u00e9rez en el mediocampo, y en el ataque resta resolver si Miguel Borja o Facundo Colidio reemplazar\u00e1n al lesionado Sebasti\u00e1n Driussi.<\/p>\n\n\n\n<p>Del otro lado, Palmeiras buscar\u00e1 confirmar la ventaja y hacerse fuerte ante su gente. El equipo de Abel Ferreira, adem\u00e1s de pelear la Libertadores, marcha a solo dos puntos del Flamengo en el Brasileirao y con un partido menos, lo que lo ratifica como uno de los grandes candidatos de la temporada.<\/p>\n","protected":false},"excerpt":{"rendered":"<p>River Plate se juega este mi\u00e9rcoles su futuro en la Copa Libertadores cuando visite a Palmeiras en el Allianz Parque de San Pablo. El partido arrancar\u00e1 a las 21:30 y ser\u00e1 televisado por Telefe, Fox Sports y Disney+. El \u00e1rbitro ser\u00e1 el uruguayo Andr\u00e9s Matonte, acompa\u00f1ado por su compatriota Christian Ferreyra en el VAR. El [&hellip;]<\/p>\n","protected":false},"author":2,"featured_media":24083,"comment_status":"closed","ping_status":"open","sticky":false,"template":"","format":"standard","meta":{"footnotes":""},"categories":[372],"tags":[511],"class_list":{"0":"post-24082","1":"post","2":"type-post","3":"status-publish","4":"format-standard","5":"has-post-thumbnail","7":"category-futbol","8":"tag-bloque-2"},"_links":{"self":[{"href":"https:\/\/zoomproducciones.com.ar\/zoomp\/wp-json\/wp\/v2\/posts\/24082","targetHints":{"allow":["GET"]}}],"collection":[{"href":"https:\/\/zoomproducciones.com.ar\/zoomp\/wp-json\/wp\/v2\/posts"}],"about":[{"href":"https:\/\/zoomproducciones.com.ar\/zoomp\/wp-json\/wp\/v2\/types\/post"}],"author":[{"embeddable":true,"href":"https:\/\/zoomproducciones.com.ar\/zoomp\/wp-json\/wp\/v2\/users\/2"}],"replies":[{"embeddable":true,"href":"https:\/\/zoomproducciones.com.ar\/zoomp\/wp-json\/wp\/v2\/comments?post=24082"}],"version-history":[{"count":1,"href":"https:\/\/zoomproducciones.com.ar\/zoomp\/wp-json\/wp\/v2\/posts\/24082\/revisions"}],"predecessor-version":[{"id":24084,"href":"https:\/\/zoomproducciones.com.ar\/zoomp\/wp-json\/wp\/v2\/posts\/24082\/revisions\/24084"}],"wp:featuredmedia":[{"embeddable":true,"href":"https:\/\/zoomproducciones.com.ar\/zoomp\/wp-json\/wp\/v2\/media\/24083"}],"wp:attachment":[{"href":"https:\/\/zoomproducciones.com.ar\/zoomp\/wp-json\/wp\/v2\/media?parent=24082"}],"wp:term":[{"taxonomy":"category","embeddable":true,"href":"https:\/\/zoomproducciones.com.ar\/zoomp\/wp-json\/wp\/v2\/categories?post=24082"},{"taxonomy":"post_tag","embeddable":true,"href":"https:\/\/zoomproducciones.com.ar\/zoomp\/wp-json\/wp\/v2\/tags?post=24082"}],"curies":[{"name":"wp","href":"https:\/\/api.w.org\/{rel}","templated":true}]}}