{"id":24077,"date":"2025-09-23T09:32:16","date_gmt":"2025-09-23T12:32:16","guid":{"rendered":"https:\/\/zoomproducciones.com.ar\/zoomp\/?p=24077"},"modified":"2025-09-23T09:41:57","modified_gmt":"2025-09-23T12:41:57","slug":"milei-se-reune-con-trump-en-nueva-york-en-busca-de-respaldo-politico-y-financiero","status":"publish","type":"post","link":"https:\/\/zoomproducciones.com.ar\/zoomp\/milei-se-reune-con-trump-en-nueva-york-en-busca-de-respaldo-politico-y-financiero\/","title":{"rendered":"Milei se re\u00fane con Trump en Nueva York en busca de respaldo pol\u00edtico y financiero"},"content":{"rendered":"\n<p>El presidente Javier Milei mantendr\u00e1 hoy en Nueva York un encuentro bilateral con el mandatario estadounidense, Donald Trump, en un contexto en el que la Casa Blanca manifest\u00f3 su apoyo a la gesti\u00f3n libertaria y su disposici\u00f3n a evaluar asistencia econ\u00f3mica para la Argentina.<\/p>\n\n\n\n<p>Milei lleg\u00f3 a la ciudad en la madrugada de este martes, tras reprogramar su viaje desde Buenos Aires, inicialmente previsto para el domingo por la noche. A las 10:45, participar\u00e1 de la exposici\u00f3n de Trump en la 80\u00aa Asamblea General de la ONU, y hacia el mediod\u00eda se concretar\u00e1 la reuni\u00f3n entre ambos l\u00edderes.<\/p>\n\n\n\n<p>La agenda estar\u00e1 marcada por el respaldo de Washington frente a la incertidumbre que genera la situaci\u00f3n cambiaria en Argentina y la dificultad para afrontar los vencimientos de deuda del pr\u00f3ximo a\u00f1o: 4.000 millones de d\u00f3lares en enero y 4.500 millones en julio. Seg\u00fan adelant\u00f3 el propio Milei, su equipo viene dialogando con el Tesoro norteamericano sobre un posible auxilio financiero.<\/p>\n\n\n\n<p>En la Casa Blanca ven a la Argentina como un socio estrat\u00e9gico en la regi\u00f3n, tanto por la afinidad ideol\u00f3gica con la administraci\u00f3n de Milei como por las tensiones que mantienen con el presidente brasile\u00f1o, Luiz In\u00e1cio Lula da Silva.<\/p>\n\n\n\n<p>Luego de la reuni\u00f3n con Trump, el mandatario argentino se encontrar\u00e1 con la titular del FMI, Kristalina Georgieva, un encuentro que debi\u00f3 posponerse por el cambio en el itinerario de vuelo. Lo acompa\u00f1an el canciller Gerardo Werthein, el ministro de Econom\u00eda Luis Caputo, la secretaria general Karina Milei y el vocero presidencial Manuel Adorni.<\/p>\n\n\n\n<p>La jornada cerrar\u00e1 con una recepci\u00f3n que Trump ofrecer\u00e1 a los presidentes presentes en la Asamblea General. En tanto, el mi\u00e9rcoles, Milei hablar\u00e1 ante la ONU a las 12:45 y por la noche recibir\u00e1 el premio \u201cCiudadano Global 2025\u201d del Atlantic Council, en una ceremonia encabezada por el secretario del Tesoro de EE.UU., Scott Bessent.<\/p>\n","protected":false},"excerpt":{"rendered":"<p>El presidente Javier Milei mantendr\u00e1 hoy en Nueva York un encuentro bilateral con el mandatario estadounidense, Donald Trump, en un contexto en el que la Casa Blanca manifest\u00f3 su apoyo a la gesti\u00f3n libertaria y su disposici\u00f3n a evaluar asistencia econ\u00f3mica para la Argentina. Milei lleg\u00f3 a la ciudad en la madrugada de este martes, [&hellip;]<\/p>\n","protected":false},"author":2,"featured_media":24078,"comment_status":"closed","ping_status":"open","sticky":false,"template":"","format":"standard","meta":{"footnotes":""},"categories":[8],"tags":[42],"class_list":{"0":"post-24077","1":"post","2":"type-post","3":"status-publish","4":"format-standard","5":"has-post-thumbnail","7":"category-nacionales","8":"tag-featured"},"_links":{"self":[{"href":"https:\/\/zoomproducciones.com.ar\/zoomp\/wp-json\/wp\/v2\/posts\/24077","targetHints":{"allow":["GET"]}}],"collection":[{"href":"https:\/\/zoomproducciones.com.ar\/zoomp\/wp-json\/wp\/v2\/posts"}],"about":[{"href":"https:\/\/zoomproducciones.com.ar\/zoomp\/wp-json\/wp\/v2\/types\/post"}],"author":[{"embeddable":true,"href":"https:\/\/zoomproducciones.com.ar\/zoomp\/wp-json\/wp\/v2\/users\/2"}],"replies":[{"embeddable":true,"href":"https:\/\/zoomproducciones.com.ar\/zoomp\/wp-json\/wp\/v2\/comments?post=24077"}],"version-history":[{"count":1,"href":"https:\/\/zoomproducciones.com.ar\/zoomp\/wp-json\/wp\/v2\/posts\/24077\/revisions"}],"predecessor-version":[{"id":24079,"href":"https:\/\/zoomproducciones.com.ar\/zoomp\/wp-json\/wp\/v2\/posts\/24077\/revisions\/24079"}],"wp:featuredmedia":[{"embeddable":true,"href":"https:\/\/zoomproducciones.com.ar\/zoomp\/wp-json\/wp\/v2\/media\/24078"}],"wp:attachment":[{"href":"https:\/\/zoomproducciones.com.ar\/zoomp\/wp-json\/wp\/v2\/media?parent=24077"}],"wp:term":[{"taxonomy":"category","embeddable":true,"href":"https:\/\/zoomproducciones.com.ar\/zoomp\/wp-json\/wp\/v2\/categories?post=24077"},{"taxonomy":"post_tag","embeddable":true,"href":"https:\/\/zoomproducciones.com.ar\/zoomp\/wp-json\/wp\/v2\/tags?post=24077"}],"curies":[{"name":"wp","href":"https:\/\/api.w.org\/{rel}","templated":true}]}}